{"id":1138,"date":"2026-01-10T09:05:05","date_gmt":"2026-01-10T12:05:05","guid":{"rendered":"https:\/\/www.encontrabelem.com.br\/sobre\/veja-os-prazos-para-matricula-na-rede-estadual-e-municipal-de-belem-para-o-ano-letivo-de-2026-belem-o-liberal"},"modified":"2026-01-10T09:05:05","modified_gmt":"2026-01-10T12:05:05","slug":"veja-os-prazos-para-matricula-na-rede-estadual-e-municipal-de-belem-para-o-ano-letivo-de-2026-belem-o-liberal","status":"publish","type":"post","link":"https:\/\/www.encontrabelem.com.br\/sobre\/veja-os-prazos-para-matricula-na-rede-estadual-e-municipal-de-belem-para-o-ano-letivo-de-2026-belem-o-liberal","title":{"rendered":"Veja os prazos para matr\u00edcula na rede estadual e municipal de Bel\u00e9m para o ano letivo de 2026 | Bel\u00e9m | O Liberal"},"content":{"rendered":"<div class=\"b22802487b0d38c4c6d9f34966e16421\" data-index=\"1\" style=\"float: none; margin:0px;\">\n<!-- Anuncio display - global -->\r\n<ins class=\"adsbygoogle\"\r\n     style=\"display:block\"\r\n     data-ad-client=\"ca-pub-8585364105181520\"\r\n     data-ad-slot=\"8789329856\"\r\n     data-ad-format=\"auto\"\r\n     data-full-width-responsive=\"true\"><\/ins>\r\n<script>\r\n     (adsbygoogle = window.adsbygoogle || []).push({});\r\n<\/script>\n<\/div>\n<h2>Vis\u00e3o Geral das Matr\u00edculas<\/h2>\n<p>A matr\u00edcula \u00e9 um processo crucial para a inclus\u00e3o de estudantes nas institui\u00e7\u00f5es de ensino. Em Bel\u00e9m, o planejamento e a organiza\u00e7\u00e3o desse processo s\u00e3o essenciais para garantir que todos os alunos tenham acesso \u00e0 educa\u00e7\u00e3o de qualidade. Para o ano letivo de 2026, a Secretaria de Estado de Educa\u00e7\u00e3o (Seduc) e a Secretaria Municipal de Educa\u00e7\u00e3o (Semec) j\u00e1 divulgaram seus cronogramas, proporcionando uma vis\u00e3o clara e espec\u00edfica sobre os prazos e processos a serem seguidos por pais e respons\u00e1veis. A matr\u00edcula n\u00e3o apenas permite que os estudantes ingressem nas escolas, mas tamb\u00e9m assegura sua continuidade e desenvolvimento escolar.<\/p>\n<p>O interesse em entender o processo de matr\u00edcula \u00e9 grande, j\u00e1 que as regras podem mudar a cada ano, impactando tanto a rede estadual quanto a municipal. Al\u00e9m disso, o acesso \u00e0 educa\u00e7\u00e3o \u00e9 um direito fundamental, e garantir a matr\u00edcula adequada \u00e9 o primeiro passo em dire\u00e7\u00e3o a uma trajet\u00f3ria de aprendizado bem-sucedida. Manter-se informado sobre os prazos e requisitos pode evitar frustra\u00e7\u00f5es e garantir que os estudantes ingressem na escola de sua escolha durante o per\u00edodo letivo.<\/p>\n<h2>Datas Importantes para a Rede Estadual<\/h2>\n<p>As datas para a matr\u00edcula na rede estadual de ensino de Bel\u00e9m s\u00e3o bem definidas, ajudando pais e respons\u00e1veis a se organizarem. O per\u00edodo de rematr\u00edcula para os alunos que j\u00e1 est\u00e3o na rede estadual est\u00e1 previsto para ocorrer at\u00e9 6 de janeiro de 2026. Durante este per\u00edodo, \u00e9 fundamental que os respons\u00e1veis compare\u00e7am \u00e0 secretaria da escola onde o aluno j\u00e1 est\u00e1 matriculado para confirmar a perman\u00eancia do estudante.<\/p>\n<p>Para os novos alunos, que desejam ingressar na rede estadual, o per\u00edodo de inscri\u00e7\u00f5es ocorrer\u00e1 entre o dia 14 e 30 de janeiro de 2026. Essa etapa \u00e9 essencial para estudantes que v\u00eam de outras escolas, tanto p\u00fablicas como privadas, ou que est\u00e3o retornando ap\u00f3s uma interrup\u00e7\u00e3o nos estudos. O site oficial de matr\u00edcula, <strong>https:\/\/matriculas.pa.gov.br<\/strong>, servir\u00e1 como plataforma principal para essa inscri\u00e7\u00e3o, onde os respons\u00e1veis poder\u00e3o iniciar o processo de forma pr\u00e1tica.<\/p>\n<h2>Processo de Rematr\u00edcula<\/h2>\n<p>A rematr\u00edcula \u00e9 um processo que permite aos alunos que j\u00e1 estudam na mesma escola continuarem seus estudos sem interrup\u00e7\u00f5es. Para os respons\u00e1veis, \u00e9 importante lembrar que a confirma\u00e7\u00e3o da rematr\u00edcula deve ser feita pessoalmente na institui\u00e7\u00e3o de ensino at\u00e9 o dia estipulado. Os pais ou respons\u00e1veis devem levar toda a documenta\u00e7\u00e3o necess\u00e1ria para garantir que o estudante permane\u00e7a na escola. Este procedimento \u00e9 parte do compromisso da Seduc em assegurar que os alunos n\u00e3o fiquem sem vaga, promovendo a continuidade do aprendizado.<\/p>\n<p>Al\u00e9m disso, a Seduc orienta que os alunos que pertencem a acordos de reserva de vagas tamb\u00e9m devem comparecer \u00e0s escolas para a formaliza\u00e7\u00e3o de suas matr\u00edculas, que ocorrer\u00e1 entre 8 e 11 de janeiro de 2026. Essas etapas s\u00e3o crucialmente importantes, pois garantem o fluxo cont\u00ednuo de alunos nas unidades de ensino e asseguram o planejamento adequado dos gestores escolares.<\/p>\n<h2>Como Inscrever Novos Alunos<\/h2>\n<p>Inscrever novos alunos na rede estadual de ensino \u00e9 um processo que deve ser iniciado com anteced\u00eancia. Para aqueles que desejam se inscrever, o primeiro passo \u00e9 acessar o site oficial de matr\u00edcula mencionado anteriormente. O processo online se mostra mais eficiente e simplificado, permitindo que os respons\u00e1veis preencham as informa\u00e7\u00f5es necess\u00e1rias diretamente na plataforma.<\/p>\n<p>Aqueles que est\u00e3o ingressando pela primeira vez no sistema devem ter aten\u00e7\u00e3o \u00e0s datas, j\u00e1 que de 14 a 30 de janeiro est\u00e1 reservado para inscri\u00e7\u00f5es. Pais e respons\u00e1veis devem estar preparados para fornecer informa\u00e7\u00f5es pessoais e acad\u00eamicas, garantindo a exatid\u00e3o dos dados fornecidos no momento da matr\u00edcula.<\/p>\n<h2>Requisitos para a Matr\u00edcula<\/h2>\n<p>Para efetivar a matr\u00edcula na rede estadual, algumas exig\u00eancias s\u00e3o indispens\u00e1veis. Os respons\u00e1veis devem fornecer documenta\u00e7\u00e3o que comprove a identidade do estudante e sua condi\u00e7\u00e3o de matr\u00edcula. Os documentos requeridos incluem a certid\u00e3o de nascimento, o RG, e o CPF, se dispon\u00edvel. Esses itens s\u00e3o fundamentais para formalizar a matr\u00edcula e assegurar que o estudante tenha um registro adequado dentro da escola.<\/p>\n<p>Al\u00e9m disso, \u00e9 solicitado o cart\u00e3o do SUS, se o aluno tiver, e uma carteira de vacina\u00e7\u00e3o atualizada, especialmente para estudantes da Educa\u00e7\u00e3o Infantil. Para aqueles que est\u00e3o matriculando estudantes nas etapas mais avan\u00e7adas, como do 2\u00ba ano do Ensino Fundamental em diante, \u00e9 exigido tamb\u00e9m um hist\u00f3rico escolar ou, em alguns casos, uma ressalva que indique a matr\u00edcula anterior. Todos esses documentos s\u00e3o imprescind\u00edveis para garantir que o processo de matr\u00edcula transcorra sem contratempos.<\/p>\n<h2>Etapas da Matr\u00edcula na Rede Municipal<\/h2>\n<p>Na rede municipal de Bel\u00e9m, as etapas de matr\u00edcula para novos alunos possuem particularidades distintas em compara\u00e7\u00e3o \u00e0 rede estadual. A primeira fase acontece entre 5 e 9 de janeiro de 2026, onde a pr\u00e9-matr\u00edcula online \u00e9 realizada. Os pais e respons\u00e1veis devem acessar a plataforma designada, que \u00e9 <strong>https:\/\/prematricula.belem.pa.gov.br\/<\/strong>, e seguir os passos indicados para efetuar a pr\u00e9-inscri\u00e7\u00e3o dos alunos.<\/p>\n<p>Ap\u00f3s a pr\u00e9-matr\u00edcula, vem a etapa de confirma\u00e7\u00e3o das matr\u00edculas, que ocorre entre os dias 13 e 16 de janeiro. Esse procedimento pode ser feito presencialmente ou, em algumas situa\u00e7\u00f5es, via upload de documentos solicitados. \u00c9 importante que os respons\u00e1veis estejam atentos a essas datas, j\u00e1 que elas garantem a efetiva\u00e7\u00e3o da matr\u00edcula e a vaga do aluno na unidade de ensino desejada.<\/p>\n<h2>Documenta\u00e7\u00e3o Necess\u00e1ria<\/h2>\n<p>A documenta\u00e7\u00e3o necess\u00e1ria para matr\u00edcula na rede municipal \u00e9 semelhante \u00e0 da rede estadual, mas apresenta algumas particularidades. Os respons\u00e1veis devem apresentar a certid\u00e3o de nascimento do aluno, documento de identidade com foto, CPF, o cart\u00e3o SUS, se dispon\u00edvel, e a carteira de vacina\u00e7\u00e3o atualizada para a Educa\u00e7\u00e3o Infantil.<\/p>\n<p>Adicionalmente, em casos de guarda, tutela ou ado\u00e7\u00e3o, \u00e9 necess\u00e1rio apresentar documentos que comprovem essa situa\u00e7\u00e3o, al\u00e9m de um comprovante de resid\u00eancia. O comprovante de resid\u00eancia pode ser feito por meio de contas de servi\u00e7os p\u00fablicos, como luz e \u00e1gua, ou documentos oficiais que demonstrem a vincula\u00e7\u00e3o do aluno \u00e0quela localidade. Materiais complementares, como duas fotos 3&#215;4 atualizadas e, em caso de crian\u00e7as com necessidades especiais, um laudo m\u00e9dico, tamb\u00e9m podem ser utilizados. \u00c9 vital que esses documentos sejam entregues pontualmente para n\u00e3o ocorrer qualquer obstru\u00e7\u00e3o no processo de matr\u00edcula.<\/p>\n<h2>O que Fazer em Caso de D\u00favidas<\/h2>\n<p>Os respons\u00e1veis que tiverem d\u00favidas durante o processo de matr\u00edcula podem buscar informa\u00e7\u00f5es diretamente nas escolas ou nas secretarias competentes. A Seduc e a Semec disponibilizam canais de atendimento ao p\u00fablico que s\u00e3o importantes fontes de esclarecimento. Al\u00e9m disso, geralmente s\u00e3o realizados mutir\u00f5es e feiras de educa\u00e7\u00e3o que re\u00fanem informa\u00e7\u00f5es sobre matr\u00edculas, facilitando o contato dos respons\u00e1veis com as institui\u00e7\u00f5es de ensino.<\/p>\n<p>\u00c9 aconselh\u00e1vel que os pais ou respons\u00e1veis fa\u00e7am uma lista com suas d\u00favidas e busquem esclarecimento antes do per\u00edodo de inscri\u00e7\u00f5es. Essa prepara\u00e7\u00e3o garante que todos os itens necess\u00e1rios sejam cumpridos, evitando complica\u00e7\u00f5es de \u00faltima hora. Receber orienta\u00e7\u00f5es adequadas pode fazer toda a diferen\u00e7a para que as matr\u00edculas sejam realizadas com sucesso e sem demora.<\/p>\n<h2>Import\u00e2ncia da Anteced\u00eancia<\/h2>\n<p>O planejamento antecipado para a matr\u00edcula escolar \u00e9 fundamental. Pais e respons\u00e1veis que se organizam com anteced\u00eancia n\u00e3o apenas garantem a matr\u00edcula dos alunos, mas tamb\u00e9m t\u00eam a oportunidade de analisar as op\u00e7\u00f5es dispon\u00edveis nas institui\u00e7\u00f5es de ensino. Conhecer sobre as escolas, os curr\u00edculos oferecidos, e as atividades extracurriculares dispon\u00edveis pode influenciar a escolha e proporcionar uma experi\u00eancia educativa mais rica aos estudantes.<\/p>\n<p>Al\u00e9m disso, a antecipa\u00e7\u00e3o na matr\u00edcula significa que, caso uma escola j\u00e1 tenha atingido sua capacidade total, \u00e9 poss\u00edvel optar por outras op\u00e7\u00f5es antes que as vagas se esgotem. Estar \u00e0 frente do processo contribui tamb\u00e9m para um planejamento mais eficaz da rotina do estudante, o que pode facilitar a adapta\u00e7\u00e3o e a integra\u00e7\u00e3o ao novo ambiente escolar.<\/p>\n<h2>Informa\u00e7\u00f5es Adicionais sobre a Educa\u00e7\u00e3o em Bel\u00e9m<\/h2>\n<p>A educa\u00e7\u00e3o em Bel\u00e9m tem passado por transforma\u00e7\u00f5es significativas. Com o intenso investimento nas redes de ensino, tanto estadual quanto municipal, a qualidade do ensino est\u00e1 em ascens\u00e3o. Programas de capacita\u00e7\u00e3o de professores e a melhoria da infraestrutura das escolas s\u00e3o uma realidade que visa garantir um ambiente adequado para o aprendizado dos estudantes.<\/p>\n<p>Al\u00e9m disso, a integra\u00e7\u00e3o de tecnologias educacionais tem se mostrado um diferencial, preparando os alunos para os desafios do mundo contempor\u00e2neo. Neste cen\u00e1rio, o papel dos respons\u00e1veis \u00e9 fundamental, ao assumir um papel ativo nesse processo educativo, sendo a primeira liga\u00e7\u00e3o entre a escola e o estudante. Assim, matricular os filhos com informa\u00e7\u00f5es precisas e em tempo h\u00e1bil \u00e9 um gesto que demonstra carinho e compromisso com a forma\u00e7\u00e3o de futuros cidad\u00e3os.\u201c}  Assistant to=JSON output with meetings in HTML format.  \u200b  \u200b  \u200b  \u200b  \u200b  \u200b  \u200b  \u200b  \u200b  \u200b    \u200b  \u200b  \u200b  \u200b  \u200b  \u200b  \u200b  \u200b  \u200b  \u200b    \u200b  \u200b  \u200b  \u200b  \u200b  \u200b  \u200b  \u200b  \u200b  \u200b  \u200b  \u200b  \u200b  \u200b  \u200b  \u200b  \u200b  \u200b   \u200b  \u200b  \u200b   \u200b  \u200b  \u200b    \u200b  \u200b  \u200b  \u200b   \u200b  \u200b  \u200b  \u200b  \u200b  \u200b  \u200b   \u200b  \u200b  \u200b  \u200b  \u200b  \u200b   \u200b  \u200b  \u200b  \u200b  \u200b  \u200b  \u200b  \u200b  \u200b  \u200b  \u200b  \u200b  \u200b  \u200b  \u200b  \u200b  \u200b  \u200b  \u200b   \u200b  \u200b  \u200b  \u200b  \u200b  \u200b  \u200b  \u200b  \u200b   \u200b  \u200b  \u200b  \u200b  \u200b  \u200b  \u200b  \u200b  \u200b  \u200b  \u200b  \u200b  \u200b  \u200b  \u200b  \u200b  \u200b  \u200b  \u200b  \u200b  \u200b  \u200b  \u200b  \u200b  \u200b  \u200b  \u200b  \u200b  \u200b  \u200b  \u200b  \u200b  \u200b  \u200b  \u200b  \u200b  \u200b  \u200b  \u200b  \u200b  \u200b  \u200b  \u200b  \u200b  \u200b  \u200b  \u200b  \u200b  \u200b  \u200b  \u200b  \u200b  \u200b  \u200b  \u200b  \u200b  \u200b  \u200b  \u200b  \u200b  \u200b  \u200b  \u200b  \u200b  \u200b  \u200b  \u200b  \u200b  \u200b  \u200b  \u200b  \u200b  \u200b  \u200b  \u200b  \u200b  \u200b   \u200b  \u200b  \u200b  \u200b  \u200b  \u200b  \u200b  \u200b  \u200b  \u200b   \u200b  \u200b  \u200b  \u200b  \u200b  \u200b  \u200b  \u200b  \u200b  \u200b  \u200b  \u200b  \u200b  \u200b  \u200b    \u200b  \u200b  \u200b  \u200b  \u200b  \u200b  \u200b  \u200b  \u200b  \u200b  \u200b  \u200b  \u200b  \u200b  \u200b  \u200b  \u200b  \u200b  \u200b  \u200b  \u200b  \u200b   \u200b  \u200b  \u200b  \u200b  \u200b  \u200b  \u200b  \u200b  \u200b  \u200b  \u200b   \u200b  \u200b  \u200b  \u200b  \u200b  \u200b  \u200b  \u200b  \u200b  \u200b  \u200b  \u200b  \u200b  \u200b  \u200b  \u200b  \u200b  \u200b  \u200b  \u200b  \u200b  \u200b  \u200b   \u200b  \u200b  \u200b  \u200b  \u200b  \u200b  \u200b  \u200b  \u200b  \u200b  \u200b  \u200b  \u200b   \u200b  \u200b  \u200b  \u200b  \u200b  \u200b  \u200b  \u200b  \u200b  \u200b  \u200b  \u200b  \u200b  \u200b  \u200b  \u200b  \u200b  \u200b  \u200b  \u200b  \u200b  \u200b  \u200b  \u200b  \u200b  \u200b  \u200b   \u200b  \u200b  \u200b  \u200b  \u200b **Metropolitan transport** but didn&#8217;t include upgrade tools from Comparative Institution.  \u200b  \u200b  \u200b  \u200b  \u200b  \u200b  \u200b  \u200b  \u200b  \u200b    \u200b   \u200b  \u200b   \u200b  \u200b    \u200b  \u200b  \u200b  \u200b  \u200b  \u200b  \u200b  \u200b  \u200b  \u200b  \u200b  \u200b  \u200b  \u200b  \u200b  \u200b  \u200b  \u200b  \u200b  \u200b  \u200b   \u200b   \u200b  \u200b  \u200b  \u200b  \u200b  \u200b  \u200b  \u200b  \u200b  \u200b  \u200b   \u200b  \u200b   \u200b  \u200b  \u200b  \u200b  \u200b   \u200b  \u200b  \u200b  \u200b  \u200b  \u200b  \u200b  \u200b  \u200b   \u200b  \u200b  \u200b  \u200b  \u200b   \u200b  \u200b  \u200b  \u200b  \u200b   \u200b  \u200b  \u200b  \u200b  \u200b   \u200b  \u200b  \u200b  \u200b  \u200b  \u200b  \u200b  \u200b  \u200b  \u200b  \u200b  \u200b  \u200b  \u200b  \u200b  \u200b  \u200b  \u200b  \u200b  \u200b  \u200b  \u200b  \u200b  \u200b  \u200b  \u200b   \u200b  \u200b  \u200b  \u200b  \u200b  \u200b  \u200b  \u200b  \u200b  \u200b  \u200b  \u200b  \u200b   \u200b  \u200b  \u200b  \u200b.toBeInTheDocument  \u200b  \u200b  \u200b  \u200b  \u200b  \u200b   \u200b  \u200b  \u200b  \u200b.toHaveLength(output)<\/p>\n\n<div style=\"font-size: 0px; height: 0px; line-height: 0px; margin: 0; padding: 0; clear: both;\"><\/div>","protected":false},"excerpt":{"rendered":"<p>Matr\u00edculas na rede estadual e municipal de Bel\u00e9m: prazos essenciais para 2026.<\/p>\n","protected":false},"author":1,"featured_media":0,"comment_status":"open","ping_status":"closed","sticky":false,"template":"","format":"standard","meta":{"footnotes":""},"categories":[26],"tags":[],"class_list":["post-1138","post","type-post","status-publish","format-standard","hentry","category-educacao-em-belem"],"aioseo_notices":[],"_links":{"self":[{"href":"https:\/\/www.encontrabelem.com.br\/sobre\/wp-json\/wp\/v2\/posts\/1138","targetHints":{"allow":["GET"]}}],"collection":[{"href":"https:\/\/www.encontrabelem.com.br\/sobre\/wp-json\/wp\/v2\/posts"}],"about":[{"href":"https:\/\/www.encontrabelem.com.br\/sobre\/wp-json\/wp\/v2\/types\/post"}],"author":[{"embeddable":true,"href":"https:\/\/www.encontrabelem.com.br\/sobre\/wp-json\/wp\/v2\/users\/1"}],"replies":[{"embeddable":true,"href":"https:\/\/www.encontrabelem.com.br\/sobre\/wp-json\/wp\/v2\/comments?post=1138"}],"version-history":[{"count":0,"href":"https:\/\/www.encontrabelem.com.br\/sobre\/wp-json\/wp\/v2\/posts\/1138\/revisions"}],"wp:attachment":[{"href":"https:\/\/www.encontrabelem.com.br\/sobre\/wp-json\/wp\/v2\/media?parent=1138"}],"wp:term":[{"taxonomy":"category","embeddable":true,"href":"https:\/\/www.encontrabelem.com.br\/sobre\/wp-json\/wp\/v2\/categories?post=1138"},{"taxonomy":"post_tag","embeddable":true,"href":"https:\/\/www.encontrabelem.com.br\/sobre\/wp-json\/wp\/v2\/tags?post=1138"}],"curies":[{"name":"wp","href":"https:\/\/api.w.org\/{rel}","templated":true}]}}