{"id":1135,"date":"2026-01-09T08:43:26","date_gmt":"2026-01-09T11:43:26","guid":{"rendered":"https:\/\/www.encontrabelem.com.br\/sobre\/governo-do-estado-divulga-o-funcionamento-dos-orgaos-publicos-durante-as-festas-de-fim-de-ano"},"modified":"2026-01-09T08:43:26","modified_gmt":"2026-01-09T11:43:26","slug":"governo-do-estado-divulga-o-funcionamento-dos-orgaos-publicos-durante-as-festas-de-fim-de-ano","status":"publish","type":"post","link":"https:\/\/www.encontrabelem.com.br\/sobre\/governo-do-estado-divulga-o-funcionamento-dos-orgaos-publicos-durante-as-festas-de-fim-de-ano","title":{"rendered":"Governo do Estado divulga o funcionamento dos \u00f3rg\u00e3os p\u00fablicos durante as festas de fim de ano"},"content":{"rendered":"<div class=\"b22802487b0d38c4c6d9f34966e16421\" data-index=\"1\" style=\"float: none; margin:0px;\">\n<!-- Anuncio display - global -->\r\n<ins class=\"adsbygoogle\"\r\n     style=\"display:block\"\r\n     data-ad-client=\"ca-pub-8585364105181520\"\r\n     data-ad-slot=\"8789329856\"\r\n     data-ad-format=\"auto\"\r\n     data-full-width-responsive=\"true\"><\/ins>\r\n<script>\r\n     (adsbygoogle = window.adsbygoogle || []).push({});\r\n<\/script>\n<\/div>\n<h2>Funcionamento dos Terminais Hidrovi\u00e1rios<\/h2>\n<p>Durante as festividades de fim de ano, os Terminais Hidrovi\u00e1rios de Bel\u00e9m, Tamandar\u00e9 e Icoaraci foram organizados para garantir a continuidade do servi\u00e7o, permitindo que os cidad\u00e3os e turistas usufruam dessas importantes conex\u00f5es de transporte. No caso espec\u00edfico do Terminal de Bel\u00e9m e do Terminal de Icoaraci, o hor\u00e1rio de funcionamento estabelecido \u00e9 das 5h \u00e0s 18h. J\u00e1 no Terminal de Tamandar\u00e9, o funcionamento \u00e9 das 5h \u00e0s 23h. Essa opera\u00e7\u00e3o ininterrupta \u00e9 essencial durante as festividades, j\u00e1 que muitas pessoas utilizam esses terminais para se deslocar entre cidades e regi\u00f5es, visando realizar suas festividades familiares e sociais. A Companhia de Portos e Hidrovias do Estado do Par\u00e1 (CPH Par\u00e1) \u00e9 a respons\u00e1vel por essa gest\u00e3o, permitindo que a mobilidade urbana n\u00e3o sofra interrup\u00e7\u00f5es significativas durante um per\u00edodo em que muitos preferem viajar.<\/p>\n<h2>Mudan\u00e7as na Esta\u00e7\u00e3o das Docas<\/h2>\n<p>A Esta\u00e7\u00e3o das Docas, um dos principais pontos tur\u00edsticos de Bel\u00e9m, tamb\u00e9m recebeu ajustes em seu hor\u00e1rio de funcionamento durante o Natal e Ano Novo. Excepcionalmente, no dia 24 de dezembro, a esta\u00e7\u00e3o abrir\u00e1 suas portas das 10h \u00e0s 15h, um ajuste necess\u00e1rio para atender \u00e0 demanda dos visitantes que desejam explorar suas op\u00e7\u00f5es de lazer e gastronomia. Ap\u00f3s esta data, nos demais dias do per\u00edodo festivo, o funcionamento retornar\u00e1 ao normal, abrangendo das 10h \u00e0s 00h, com um hor\u00e1rio estendido at\u00e9 a 1h da manh\u00e3 nas sextas e s\u00e1bados. Essa adequa\u00e7\u00e3o no hor\u00e1rio busca proporcionar uma experi\u00eancia mais acess\u00edvel e flex\u00edvel para os visitantes, permitindo que mais pessoas possam desfrutar das diversas atra\u00e7\u00f5es e ofertas presentes no local, sejam elas eventos culturais, gastron\u00f4micos ou de compras.<\/p>\n<h2>Hor\u00e1rios do Mangal das Gar\u00e7as<\/h2>\n<p>No que diz respeito ao Mangal das Gar\u00e7as, um dos destinos de lazer mais apreciados em Bel\u00e9m, o funcionamento tamb\u00e9m ser\u00e1 de acordo com novas diretrizes durante o Natal. No dia 24 de dezembro, o hor\u00e1rio ser\u00e1 das 8h \u00e0s 16h, um ajuste que busca conciliar a demanda dos visitantes com a programa\u00e7\u00e3o festiva. Nos outros dias, o parque funcionar\u00e1 das 8h \u00e0s 18h, oferecendo aos frequentadores a oportunidade de apreciar a natureza e a rica biodiversidade da regi\u00e3o. Essas mudan\u00e7as de hor\u00e1rio t\u00eam como objetivo garantir que tanto os moradores quanto os turistas desfrutem desse espa\u00e7o verde t\u00e3o querido, que promove o bem-estar e a conex\u00e3o com a natureza, especialmente durante um per\u00edodo em que as pessoas buscam aproveitar momentos de lazer.<\/p>\n<p><img decoding=\"async\" src=\"https:\/\/www.encontrabelem.com.br\/sobre\/wp-content\/uploads\/2026\/01\/governo-do-estado-divulga-o-funcionamento-dos-orgaos-publicos-durante-as-festas-de-fim-de-ano.webp\" alt=\"funcionamento dos \u00f3rg\u00e3os p\u00fablicos\" loading=\"lazy\" \/><\/p>\n<h2>Altera\u00e7\u00f5es no Parque Estadual do Utinga<\/h2>\n<p>O Parque Estadual do Utinga Camillo Vianna apresenta suas pr\u00f3prias particularidades de funcionamento neste per\u00edodo festivo. No dia 23 de dezembro, o parque estar\u00e1 aberto das 6h \u00e0s 17h, permitindo que os cidad\u00e3os desfrutem de atividades ao ar livre antes das celebra\u00e7\u00f5es de Natal come\u00e7arem. J\u00e1 no dia 24, o funcionamento ser\u00e1 das 6h \u00e0s 14h, com fechamento no dia 25 de dezembro. A reabertura ocorrer\u00e1 novamente no dia 26 de dezembro, mantendo um hor\u00e1rio especial para atender ao p\u00fablico. Essa abordagem busca equilibrar o uso do espa\u00e7o durante as festividades com o desejo de oferecer oportunidades para as pessoas se encontrarem e interagirem com a natureza, especialmente ap\u00f3s os eventos de celebra\u00e7\u00e3o familiar.<\/p>\n<h2>Servi\u00e7os de Sa\u00fade durante as Festas<\/h2>\n<p>\u00c9 importante destacar que, durante o per\u00edodo de festas, o acesso \u00e0 sa\u00fade \u00e9 uma prioridade, especialmente em Bel\u00e9m. O Hospital da Mulher do Par\u00e1 (HMPA) funcionar\u00e1 normalmente, oferecendo servi\u00e7os de exames, consultas e cirurgias agendadas nos dias 24, 26, 31 de dezembro e 02 de janeiro. Com um pronto atendimento 24h dispon\u00edvel para mulheres v\u00edtimas de viol\u00eancia sexual e dom\u00e9stica, al\u00e9m de servi\u00e7os de urg\u00eancia ginecol\u00f3gica, o hospital busca garantir que as mulheres tenham suporte cont\u00ednuo durante as festividades. Por sua vez, o Hospital Regional P\u00fablico da Transamaz\u00f4nica (HRPT) manter\u00e1 todos os seus servi\u00e7os assistenciais abertos sem interrup\u00e7\u00e3o, priorizando o bem-estar da popula\u00e7\u00e3o. As \u00e1reas administrativas, contudo, operar\u00e3o com uma escala especial e pontos facultados nos dias 26 de dezembro e 2 de janeiro, permitindo flexibilidade aos funcion\u00e1rios, sem comprometer o atendimento essencial.<\/p>\n<h2>Atendimento nas Usinas da Paz<\/h2>\n<p>As Usinas da Paz, que desempenham um papel fundamental na promo\u00e7\u00e3o de atividades sociais e culturais, tamb\u00e9m est\u00e3o sujeitas a modifica\u00e7\u00e3o em sua rotina durante o Natal. Nos dias 24, 25, 26, 30 e 31 de dezembro, as usinas estar\u00e3o fechadas, focando no descanso e na celebra\u00e7\u00e3o do per\u00edodo festivo. Ap\u00f3s estas datas festivas, nos dias 27, 28 e 29 de dezembro, bem como nos dias 2, 3 e 4 de janeiro, o funcionamento das usinas ser\u00e1 regularizado de acordo com as demandas da comunidade. Essa estrat\u00e9gia reflete o compromisso das Usinas em atender \u00e0s necessidades locais, ajustando sua opera\u00e7\u00e3o ao contexto social e buscando sempre proporcionar um espa\u00e7o seguro e acolhedor para a popula\u00e7\u00e3o, sempre um aspecto importante nas festividades de fim de ano.<\/p>\n<h2>Espa\u00e7os Culturais e de Lazer<\/h2>\n<p>Os espa\u00e7os culturais e de lazer geridos pela Secretaria de Estado de Cultura (Secult) tamb\u00e9m precisam comunicar seus hor\u00e1rios de funcionamento durante o per\u00edodo do Natal e Ano Novo, promovendo uma gest\u00e3o transparente e organizada. Museus e Memoriais, como o Museu das Amaz\u00f4nias, Esta\u00e7\u00e3o Cultural de Icoaraci e outros centros culturais, estar\u00e3o fechados durante este per\u00edodo, com visitas guiadas suspensas nas instala\u00e7\u00f5es como o Theatro da Paz. Contudo, h\u00e1 a expectativa de que o Parque da Resid\u00eancia funcione nos dias 24 e 31 das 9h \u00e0s 17h, encerrando suas atividades nos dias 25 e 1\u00ba de janeiro. Essas informa\u00e7\u00f5es s\u00e3o cruciais para que a popula\u00e7\u00e3o possa se planejar, dando a todos a chance de aproveitar as atividades culturais durante a fase festiva.<\/p>\n<h2>Funcionamento do Porto Futuro<\/h2>\n<p>O Porto Futuro, outra \u00e1rea significativa de lazer na capital, ter\u00e1 seus hor\u00e1rios ajustados conforme a proximidade das festividades. Nos dias 24 e 31 de dezembro, o Porto Futuro abrir\u00e1 das 6h \u00e0s 15h, mudando o hor\u00e1rio em que os visitantes poder\u00e3o usufruir de suas op\u00e7\u00f5es l\u00fadicas. Nos dias de Natal e Ano Novo, o funcionamento ser\u00e1 feito no per\u00edodo das 16h \u00e0s 22h, com entrada at\u00e9 \u00e0s 21h30. Essa din\u00e2mica de hor\u00e1rios \u00e9 uma estrat\u00e9gia para acomodar os frequentadores de maneira que possam celebrar e relaxar, assegurando um ambiente que favorece a intera\u00e7\u00e3o social e a conviv\u00eancia familiar durante as festas.<\/p>\n<h2>Hor\u00e1rios das Esta\u00e7\u00f5es Cidadania<\/h2>\n<p>As Esta\u00e7\u00f5es Cidadania tamb\u00e9m se organizam para atender \u00e0 popula\u00e7\u00e3o durante o per\u00edodo festivo. No entanto, algumas \u00e1reas estar\u00e3o fechadas nos dias 24, 25 e 26 de dezembro, al\u00e9m do dia 31 e 1\u00ba de janeiro. Essa pausa tempor\u00e1ria \u00e9 um reflexo das diretrizes estabelecidas pela Secretaria de Planejamento e Administra\u00e7\u00e3o do Estado (Seplad), viabilizando uma gest\u00e3o operacional que prioriza tanto o atendimento ao p\u00fablico, como o bem-estar das equipes de trabalho. Essa altern\u00e2ncia entre funcionamento e fechamento no fim de ano \u00e9 uma pr\u00e1tica que visa \u00e0 melhor organiza\u00e7\u00e3o dos servi\u00e7os prestados, garantindo assim a continuidade das atividades essenciais ao retornar ao normal.<\/p>\n<h2>Informa\u00e7\u00f5es sobre a Pol\u00edcia Civil<\/h2>\n<p>A Pol\u00edcia Civil, por sua vez, mant\u00e9m a seguran\u00e7a da popula\u00e7\u00e3o com algumas unidades funcionando em regime de plant\u00e3o durante as festas de fim de ano. As Seccionais Urbanas de S\u00e3o Br\u00e1s, Com\u00e9rcio, Sacramenta, Marambaia, Icoaraci e Mosqueiro estar\u00e3o abertas para registro presencial de ocorr\u00eancias, atendendo a demanda da popula\u00e7\u00e3o que permanecer\u00e1 na capital e na Regi\u00e3o Metropolitana durante as festividades. Al\u00e9m disso, as seccionais situadas em Ananindeua, Cidade Nova e Marituba, junto \u00e0 Delegacia de Benevides, permanecer\u00e3o em funcionamento. Esse esfor\u00e7o \u00e9 um reflexo do compromisso da Pol\u00edcia Civil em garantir a seguran\u00e7a e oferecer suporte \u00e0 comunidade, assegurando que os servi\u00e7os p\u00fablicos essenciais estejam acess\u00edveis, promovendo um ambiente de tranquilidade nas celebra\u00e7\u00f5es natalinas.<\/p>\n\n<div style=\"font-size: 0px; height: 0px; line-height: 0px; margin: 0; padding: 0; clear: both;\"><\/div>","protected":false},"excerpt":{"rendered":"<p>Fun\u00e7\u00f5es dos \u00f3rg\u00e3os p\u00fablicos com hor\u00e1rios diferenciados nas festividades de fim de ano.<\/p>\n","protected":false},"author":1,"featured_media":1134,"comment_status":"open","ping_status":"closed","sticky":false,"template":"","format":"standard","meta":{"footnotes":""},"categories":[1],"tags":[],"class_list":["post-1135","post","type-post","status-publish","format-standard","has-post-thumbnail","hentry","category-noticias-em-belem","has_thumb"],"aioseo_notices":[],"aioseo_head":"\n\t\t<!-- All in One SEO 5.0.0.1 - aioseo.com -->\n\t<meta name=\"description\" content=\"Fun\u00e7\u00f5es dos \u00f3rg\u00e3os p\u00fablicos com hor\u00e1rios diferenciados nas festividades de fim de ano.\" \/>\n\t<meta name=\"robots\" content=\"max-image-preview:large\" \/>\n\t<meta name=\"author\" content=\"Encontra Bel\u00e9m\"\/>\n\t<link rel=\"canonical\" href=\"https:\/\/www.encontrabelem.com.br\/sobre\/governo-do-estado-divulga-o-funcionamento-dos-orgaos-publicos-durante-as-festas-de-fim-de-ano\" \/>\n\t<meta name=\"generator\" content=\"All in One SEO (AIOSEO) 5.0.0.1\" \/>\n\t\t<meta property=\"og:locale\" content=\"pt_BR\" \/>\n\t\t<meta property=\"og:site_name\" content=\"Encontra Bel\u00e9m | Not\u00edcias, eventos, informa\u00e7\u00f5es e dicas na cidade Bel\u00e9m e regi\u00e3o.\" \/>\n\t\t<meta property=\"og:type\" content=\"article\" \/>\n\t\t<meta property=\"og:title\" content=\"Governo do Estado divulga o funcionamento dos \u00f3rg\u00e3os p\u00fablicos durante as festas de fim de ano | Encontra Bel\u00e9m\" \/>\n\t\t<meta property=\"og:description\" content=\"Fun\u00e7\u00f5es dos \u00f3rg\u00e3os p\u00fablicos com hor\u00e1rios diferenciados nas festividades de fim de ano.\" \/>\n\t\t<meta property=\"og:url\" content=\"https:\/\/www.encontrabelem.com.br\/sobre\/governo-do-estado-divulga-o-funcionamento-dos-orgaos-publicos-durante-as-festas-de-fim-de-ano\" \/>\n\t\t<meta property=\"article:published_time\" content=\"2026-01-09T11:43:26+00:00\" \/>\n\t\t<meta property=\"article:modified_time\" content=\"2026-01-09T11:43:26+00:00\" \/>\n\t\t<meta name=\"twitter:card\" content=\"summary\" \/>\n\t\t<meta name=\"twitter:title\" content=\"Governo do Estado divulga o funcionamento dos \u00f3rg\u00e3os p\u00fablicos durante as festas de fim de ano | Encontra Bel\u00e9m\" \/>\n\t\t<meta name=\"twitter:description\" content=\"Fun\u00e7\u00f5es dos \u00f3rg\u00e3os p\u00fablicos com hor\u00e1rios diferenciados nas festividades de fim de ano.\" \/>\n\t\t<script type=\"application\/ld+json\" class=\"aioseo-schema\">\n\t\t\t{\"@context\":\"https:\\\/\\\/schema.org\",\"@graph\":[{\"@type\":\"Article\",\"@id\":\"https:\\\/\\\/www.encontrabelem.com.br\\\/sobre\\\/governo-do-estado-divulga-o-funcionamento-dos-orgaos-publicos-durante-as-festas-de-fim-de-ano#article\",\"name\":\"Governo do Estado divulga o funcionamento dos \\u00f3rg\\u00e3os p\\u00fablicos durante as festas de fim de ano | Encontra Bel\\u00e9m\",\"headline\":\"Governo do Estado divulga o funcionamento dos \\u00f3rg\\u00e3os p\\u00fablicos durante as festas de fim de ano\",\"author\":{\"@id\":\"https:\\\/\\\/www.encontrabelem.com.br\\\/sobre\\\/author\\\/ebelem#author\"},\"publisher\":{\"@id\":\"https:\\\/\\\/www.encontrabelem.com.br\\\/sobre\\\/#organization\"},\"image\":{\"@type\":\"ImageObject\",\"url\":\"https:\\\/\\\/www.encontrabelem.com.br\\\/sobre\\\/wp-content\\\/uploads\\\/2026\\\/01\\\/governo-do-estado-divulga-o-funcionamento-dos-orgaos-publicos-durante-as-festas-de-fim-de-ano.webp\",\"width\":280,\"height\":280,\"caption\":\"funcionamento dos \\u00f3rg\\u00e3os p\\u00fablicos\"},\"datePublished\":\"2026-01-09T08:43:26-03:00\",\"dateModified\":\"2026-01-09T08:43:26-03:00\",\"inLanguage\":\"pt-BR\",\"mainEntityOfPage\":{\"@id\":\"https:\\\/\\\/www.encontrabelem.com.br\\\/sobre\\\/governo-do-estado-divulga-o-funcionamento-dos-orgaos-publicos-durante-as-festas-de-fim-de-ano#webpage\"},\"isPartOf\":{\"@id\":\"https:\\\/\\\/www.encontrabelem.com.br\\\/sobre\\\/governo-do-estado-divulga-o-funcionamento-dos-orgaos-publicos-durante-as-festas-de-fim-de-ano#webpage\"},\"articleSection\":\"Not\\u00edcias Bel\\u00e9m\"},{\"@type\":\"BreadcrumbList\",\"@id\":\"https:\\\/\\\/www.encontrabelem.com.br\\\/sobre\\\/governo-do-estado-divulga-o-funcionamento-dos-orgaos-publicos-durante-as-festas-de-fim-de-ano#breadcrumblist\",\"itemListElement\":[{\"@type\":\"ListItem\",\"@id\":\"https:\\\/\\\/www.encontrabelem.com.br\\\/sobre#listItem\",\"position\":1,\"name\":\"In\\u00edcio\",\"item\":\"https:\\\/\\\/www.encontrabelem.com.br\\\/sobre\",\"nextItem\":{\"@type\":\"ListItem\",\"@id\":\"https:\\\/\\\/www.encontrabelem.com.br\\\/sobre\\\/noticias-em-belem#listItem\",\"name\":\"Not\\u00edcias Bel\\u00e9m\"}},{\"@type\":\"ListItem\",\"@id\":\"https:\\\/\\\/www.encontrabelem.com.br\\\/sobre\\\/noticias-em-belem#listItem\",\"position\":2,\"name\":\"Not\\u00edcias Bel\\u00e9m\",\"item\":\"https:\\\/\\\/www.encontrabelem.com.br\\\/sobre\\\/noticias-em-belem\",\"nextItem\":{\"@type\":\"ListItem\",\"@id\":\"https:\\\/\\\/www.encontrabelem.com.br\\\/sobre\\\/governo-do-estado-divulga-o-funcionamento-dos-orgaos-publicos-durante-as-festas-de-fim-de-ano#listItem\",\"name\":\"Governo do Estado divulga o funcionamento dos \\u00f3rg\\u00e3os p\\u00fablicos durante as festas de fim de ano\"},\"previousItem\":{\"@type\":\"ListItem\",\"@id\":\"https:\\\/\\\/www.encontrabelem.com.br\\\/sobre#listItem\",\"name\":\"In\\u00edcio\"}},{\"@type\":\"ListItem\",\"@id\":\"https:\\\/\\\/www.encontrabelem.com.br\\\/sobre\\\/governo-do-estado-divulga-o-funcionamento-dos-orgaos-publicos-durante-as-festas-de-fim-de-ano#listItem\",\"position\":3,\"name\":\"Governo do Estado divulga o funcionamento dos \\u00f3rg\\u00e3os p\\u00fablicos durante as festas de fim de ano\",\"previousItem\":{\"@type\":\"ListItem\",\"@id\":\"https:\\\/\\\/www.encontrabelem.com.br\\\/sobre\\\/noticias-em-belem#listItem\",\"name\":\"Not\\u00edcias Bel\\u00e9m\"}}]},{\"@type\":\"Organization\",\"@id\":\"https:\\\/\\\/www.encontrabelem.com.br\\\/sobre\\\/#organization\",\"name\":\"Encontra Bel\\u00e9m\",\"description\":\"Not\\u00edcias, eventos, informa\\u00e7\\u00f5es e dicas na cidade Bel\\u00e9m e regi\\u00e3o.\",\"url\":\"https:\\\/\\\/www.encontrabelem.com.br\\\/sobre\\\/\"},{\"@type\":\"Person\",\"@id\":\"https:\\\/\\\/www.encontrabelem.com.br\\\/sobre\\\/author\\\/ebelem#author\",\"url\":\"https:\\\/\\\/www.encontrabelem.com.br\\\/sobre\\\/author\\\/ebelem\",\"name\":\"Encontra Bel\\u00e9m\",\"image\":{\"@type\":\"ImageObject\",\"@id\":\"https:\\\/\\\/www.encontrabelem.com.br\\\/sobre\\\/governo-do-estado-divulga-o-funcionamento-dos-orgaos-publicos-durante-as-festas-de-fim-de-ano#authorImage\",\"url\":\"https:\\\/\\\/secure.gravatar.com\\\/avatar\\\/507340682b8270222e1f208e23198b6ae7e2c6a1033ae84e99bc6bce4f82a387?s=96&d=mm&r=g\",\"width\":96,\"height\":96,\"caption\":\"Encontra Bel\\u00e9m\"}},{\"@type\":\"WebPage\",\"@id\":\"https:\\\/\\\/www.encontrabelem.com.br\\\/sobre\\\/governo-do-estado-divulga-o-funcionamento-dos-orgaos-publicos-durante-as-festas-de-fim-de-ano#webpage\",\"url\":\"https:\\\/\\\/www.encontrabelem.com.br\\\/sobre\\\/governo-do-estado-divulga-o-funcionamento-dos-orgaos-publicos-durante-as-festas-de-fim-de-ano\",\"name\":\"Governo do Estado divulga o funcionamento dos \\u00f3rg\\u00e3os p\\u00fablicos durante as festas de fim de ano | Encontra Bel\\u00e9m\",\"description\":\"Fun\\u00e7\\u00f5es dos \\u00f3rg\\u00e3os p\\u00fablicos com hor\\u00e1rios diferenciados nas festividades de fim de ano.\",\"inLanguage\":\"pt-BR\",\"isPartOf\":{\"@id\":\"https:\\\/\\\/www.encontrabelem.com.br\\\/sobre\\\/#website\"},\"breadcrumb\":{\"@id\":\"https:\\\/\\\/www.encontrabelem.com.br\\\/sobre\\\/governo-do-estado-divulga-o-funcionamento-dos-orgaos-publicos-durante-as-festas-de-fim-de-ano#breadcrumblist\"},\"author\":{\"@id\":\"https:\\\/\\\/www.encontrabelem.com.br\\\/sobre\\\/author\\\/ebelem#author\"},\"creator\":{\"@id\":\"https:\\\/\\\/www.encontrabelem.com.br\\\/sobre\\\/author\\\/ebelem#author\"},\"image\":{\"@type\":\"ImageObject\",\"url\":\"https:\\\/\\\/www.encontrabelem.com.br\\\/sobre\\\/wp-content\\\/uploads\\\/2026\\\/01\\\/governo-do-estado-divulga-o-funcionamento-dos-orgaos-publicos-durante-as-festas-de-fim-de-ano.webp\",\"@id\":\"https:\\\/\\\/www.encontrabelem.com.br\\\/sobre\\\/governo-do-estado-divulga-o-funcionamento-dos-orgaos-publicos-durante-as-festas-de-fim-de-ano\\\/#mainImage\",\"width\":280,\"height\":280,\"caption\":\"funcionamento dos \\u00f3rg\\u00e3os p\\u00fablicos\"},\"primaryImageOfPage\":{\"@id\":\"https:\\\/\\\/www.encontrabelem.com.br\\\/sobre\\\/governo-do-estado-divulga-o-funcionamento-dos-orgaos-publicos-durante-as-festas-de-fim-de-ano#mainImage\"},\"datePublished\":\"2026-01-09T08:43:26-03:00\",\"dateModified\":\"2026-01-09T08:43:26-03:00\"},{\"@type\":\"WebSite\",\"@id\":\"https:\\\/\\\/www.encontrabelem.com.br\\\/sobre\\\/#website\",\"url\":\"https:\\\/\\\/www.encontrabelem.com.br\\\/sobre\\\/\",\"name\":\"Encontra Bel\\u00e9m\",\"description\":\"Not\\u00edcias, eventos, informa\\u00e7\\u00f5es e dicas na cidade Bel\\u00e9m e regi\\u00e3o.\",\"inLanguage\":\"pt-BR\",\"publisher\":{\"@id\":\"https:\\\/\\\/www.encontrabelem.com.br\\\/sobre\\\/#organization\"}}]}\n\t\t<\/script>\n\t\t<!-- All in One SEO -->\n\n","aioseo_head_json":{"title":"Governo do Estado divulga o funcionamento dos \u00f3rg\u00e3os p\u00fablicos durante as festas de fim de ano | Encontra Bel\u00e9m","description":"Fun\u00e7\u00f5es dos \u00f3rg\u00e3os p\u00fablicos com hor\u00e1rios diferenciados nas festividades de fim de ano.","canonical_url":"https:\/\/www.encontrabelem.com.br\/sobre\/governo-do-estado-divulga-o-funcionamento-dos-orgaos-publicos-durante-as-festas-de-fim-de-ano","robots":"max-image-preview:large","keywords":"","webmasterTools":{"miscellaneous":""},"schema":{"@context":"https:\/\/schema.org","@graph":[{"@type":"Article","@id":"https:\/\/www.encontrabelem.com.br\/sobre\/governo-do-estado-divulga-o-funcionamento-dos-orgaos-publicos-durante-as-festas-de-fim-de-ano#article","name":"Governo do Estado divulga o funcionamento dos \u00f3rg\u00e3os p\u00fablicos durante as festas de fim de ano | Encontra Bel\u00e9m","headline":"Governo do Estado divulga o funcionamento dos \u00f3rg\u00e3os p\u00fablicos durante as festas de fim de ano","author":{"@id":"https:\/\/www.encontrabelem.com.br\/sobre\/author\/ebelem#author"},"publisher":{"@id":"https:\/\/www.encontrabelem.com.br\/sobre\/#organization"},"image":{"@type":"ImageObject","url":"https:\/\/www.encontrabelem.com.br\/sobre\/wp-content\/uploads\/2026\/01\/governo-do-estado-divulga-o-funcionamento-dos-orgaos-publicos-durante-as-festas-de-fim-de-ano.webp","width":280,"height":280,"caption":"funcionamento dos \u00f3rg\u00e3os p\u00fablicos"},"datePublished":"2026-01-09T08:43:26-03:00","dateModified":"2026-01-09T08:43:26-03:00","inLanguage":"pt-BR","mainEntityOfPage":{"@id":"https:\/\/www.encontrabelem.com.br\/sobre\/governo-do-estado-divulga-o-funcionamento-dos-orgaos-publicos-durante-as-festas-de-fim-de-ano#webpage"},"isPartOf":{"@id":"https:\/\/www.encontrabelem.com.br\/sobre\/governo-do-estado-divulga-o-funcionamento-dos-orgaos-publicos-durante-as-festas-de-fim-de-ano#webpage"},"articleSection":"Not\u00edcias Bel\u00e9m"},{"@type":"BreadcrumbList","@id":"https:\/\/www.encontrabelem.com.br\/sobre\/governo-do-estado-divulga-o-funcionamento-dos-orgaos-publicos-durante-as-festas-de-fim-de-ano#breadcrumblist","itemListElement":[{"@type":"ListItem","@id":"https:\/\/www.encontrabelem.com.br\/sobre#listItem","position":1,"name":"In\u00edcio","item":"https:\/\/www.encontrabelem.com.br\/sobre","nextItem":{"@type":"ListItem","@id":"https:\/\/www.encontrabelem.com.br\/sobre\/noticias-em-belem#listItem","name":"Not\u00edcias Bel\u00e9m"}},{"@type":"ListItem","@id":"https:\/\/www.encontrabelem.com.br\/sobre\/noticias-em-belem#listItem","position":2,"name":"Not\u00edcias Bel\u00e9m","item":"https:\/\/www.encontrabelem.com.br\/sobre\/noticias-em-belem","nextItem":{"@type":"ListItem","@id":"https:\/\/www.encontrabelem.com.br\/sobre\/governo-do-estado-divulga-o-funcionamento-dos-orgaos-publicos-durante-as-festas-de-fim-de-ano#listItem","name":"Governo do Estado divulga o funcionamento dos \u00f3rg\u00e3os p\u00fablicos durante as festas de fim de ano"},"previousItem":{"@type":"ListItem","@id":"https:\/\/www.encontrabelem.com.br\/sobre#listItem","name":"In\u00edcio"}},{"@type":"ListItem","@id":"https:\/\/www.encontrabelem.com.br\/sobre\/governo-do-estado-divulga-o-funcionamento-dos-orgaos-publicos-durante-as-festas-de-fim-de-ano#listItem","position":3,"name":"Governo do Estado divulga o funcionamento dos \u00f3rg\u00e3os p\u00fablicos durante as festas de fim de ano","previousItem":{"@type":"ListItem","@id":"https:\/\/www.encontrabelem.com.br\/sobre\/noticias-em-belem#listItem","name":"Not\u00edcias Bel\u00e9m"}}]},{"@type":"Organization","@id":"https:\/\/www.encontrabelem.com.br\/sobre\/#organization","name":"Encontra Bel\u00e9m","description":"Not\u00edcias, eventos, informa\u00e7\u00f5es e dicas na cidade Bel\u00e9m e regi\u00e3o.","url":"https:\/\/www.encontrabelem.com.br\/sobre\/"},{"@type":"Person","@id":"https:\/\/www.encontrabelem.com.br\/sobre\/author\/ebelem#author","url":"https:\/\/www.encontrabelem.com.br\/sobre\/author\/ebelem","name":"Encontra Bel\u00e9m","image":{"@type":"ImageObject","@id":"https:\/\/www.encontrabelem.com.br\/sobre\/governo-do-estado-divulga-o-funcionamento-dos-orgaos-publicos-durante-as-festas-de-fim-de-ano#authorImage","url":"https:\/\/secure.gravatar.com\/avatar\/507340682b8270222e1f208e23198b6ae7e2c6a1033ae84e99bc6bce4f82a387?s=96&d=mm&r=g","width":96,"height":96,"caption":"Encontra Bel\u00e9m"}},{"@type":"WebPage","@id":"https:\/\/www.encontrabelem.com.br\/sobre\/governo-do-estado-divulga-o-funcionamento-dos-orgaos-publicos-durante-as-festas-de-fim-de-ano#webpage","url":"https:\/\/www.encontrabelem.com.br\/sobre\/governo-do-estado-divulga-o-funcionamento-dos-orgaos-publicos-durante-as-festas-de-fim-de-ano","name":"Governo do Estado divulga o funcionamento dos \u00f3rg\u00e3os p\u00fablicos durante as festas de fim de ano | Encontra Bel\u00e9m","description":"Fun\u00e7\u00f5es dos \u00f3rg\u00e3os p\u00fablicos com hor\u00e1rios diferenciados nas festividades de fim de ano.","inLanguage":"pt-BR","isPartOf":{"@id":"https:\/\/www.encontrabelem.com.br\/sobre\/#website"},"breadcrumb":{"@id":"https:\/\/www.encontrabelem.com.br\/sobre\/governo-do-estado-divulga-o-funcionamento-dos-orgaos-publicos-durante-as-festas-de-fim-de-ano#breadcrumblist"},"author":{"@id":"https:\/\/www.encontrabelem.com.br\/sobre\/author\/ebelem#author"},"creator":{"@id":"https:\/\/www.encontrabelem.com.br\/sobre\/author\/ebelem#author"},"image":{"@type":"ImageObject","url":"https:\/\/www.encontrabelem.com.br\/sobre\/wp-content\/uploads\/2026\/01\/governo-do-estado-divulga-o-funcionamento-dos-orgaos-publicos-durante-as-festas-de-fim-de-ano.webp","@id":"https:\/\/www.encontrabelem.com.br\/sobre\/governo-do-estado-divulga-o-funcionamento-dos-orgaos-publicos-durante-as-festas-de-fim-de-ano\/#mainImage","width":280,"height":280,"caption":"funcionamento dos \u00f3rg\u00e3os p\u00fablicos"},"primaryImageOfPage":{"@id":"https:\/\/www.encontrabelem.com.br\/sobre\/governo-do-estado-divulga-o-funcionamento-dos-orgaos-publicos-durante-as-festas-de-fim-de-ano#mainImage"},"datePublished":"2026-01-09T08:43:26-03:00","dateModified":"2026-01-09T08:43:26-03:00"},{"@type":"WebSite","@id":"https:\/\/www.encontrabelem.com.br\/sobre\/#website","url":"https:\/\/www.encontrabelem.com.br\/sobre\/","name":"Encontra Bel\u00e9m","description":"Not\u00edcias, eventos, informa\u00e7\u00f5es e dicas na cidade Bel\u00e9m e regi\u00e3o.","inLanguage":"pt-BR","publisher":{"@id":"https:\/\/www.encontrabelem.com.br\/sobre\/#organization"}}]},"og:locale":"pt_BR","og:site_name":"Encontra Bel\u00e9m | Not\u00edcias, eventos, informa\u00e7\u00f5es e dicas na cidade Bel\u00e9m e regi\u00e3o.","og:type":"article","og:title":"Governo do Estado divulga o funcionamento dos \u00f3rg\u00e3os p\u00fablicos durante as festas de fim de ano | Encontra Bel\u00e9m","og:description":"Fun\u00e7\u00f5es dos \u00f3rg\u00e3os p\u00fablicos com hor\u00e1rios diferenciados nas festividades de fim de ano.","og:url":"https:\/\/www.encontrabelem.com.br\/sobre\/governo-do-estado-divulga-o-funcionamento-dos-orgaos-publicos-durante-as-festas-de-fim-de-ano","article:published_time":"2026-01-09T11:43:26+00:00","article:modified_time":"2026-01-09T11:43:26+00:00","twitter:card":"summary","twitter:title":"Governo do Estado divulga o funcionamento dos \u00f3rg\u00e3os p\u00fablicos durante as festas de fim de ano | Encontra Bel\u00e9m","twitter:description":"Fun\u00e7\u00f5es dos \u00f3rg\u00e3os p\u00fablicos com hor\u00e1rios diferenciados nas festividades de fim de ano."},"aioseo_meta_data":{"post_id":"1135","title":null,"description":null,"keywords":null,"keyphrases":null,"primary_term":null,"canonical_url":null,"og_title":null,"og_description":null,"og_object_type":"default","og_image_type":"default","og_image_url":null,"og_image_width":null,"og_image_height":null,"og_image_custom_url":null,"og_image_custom_fields":null,"og_video":null,"og_custom_url":null,"og_article_section":null,"og_article_tags":null,"twitter_use_og":false,"twitter_card":"default","twitter_image_type":"default","twitter_image_url":null,"twitter_image_custom_url":null,"twitter_image_custom_fields":null,"twitter_title":null,"twitter_description":null,"schema":{"blockGraphs":[],"customGraphs":[],"default":{"data":{"Article":[],"Course":[],"Dataset":[],"FAQPage":[],"Movie":[],"Person":[],"Product":[],"ProductReview":[],"Car":[],"Recipe":[],"Service":[],"SoftwareApplication":[],"WebPage":[]},"graphName":"Article","isEnabled":true},"graphs":[]},"schema_type":"default","schema_type_options":null,"pillar_content":false,"robots_default":true,"robots_noindex":false,"robots_noarchive":false,"robots_nosnippet":false,"robots_nofollow":false,"robots_noimageindex":false,"robots_noodp":false,"robots_notranslate":false,"robots_max_snippet":null,"robots_max_videopreview":null,"robots_max_imagepreview":"large","priority":null,"frequency":null,"local_seo":null,"breadcrumb_settings":null,"limit_modified_date":false,"ai":null,"created":"2026-01-09 11:43:30","updated":"2026-01-09 12:45:26","focus_keyword":null,"additional_keywords":null,"truseo_locale":null,"seo_analyzer_scan_date":null},"aioseo_breadcrumb":"<div class=\"aioseo-breadcrumbs\"><span class=\"aioseo-breadcrumb\">\n\t\t\t<a href=\"https:\/\/www.encontrabelem.com.br\/sobre\" title=\"In\u00edcio\">In\u00edcio<\/a>\n\t\t<\/span><span class=\"aioseo-breadcrumb-separator\">&raquo;<\/span><span class=\"aioseo-breadcrumb\">\n\t\t\t<a href=\"https:\/\/www.encontrabelem.com.br\/sobre\/noticias-em-belem\" title=\"Not\u00edcias Bel\u00e9m\">Not\u00edcias Bel\u00e9m<\/a>\n\t\t<\/span><span class=\"aioseo-breadcrumb-separator\">&raquo;<\/span><span class=\"aioseo-breadcrumb\">\n\t\t\tGoverno do Estado divulga o funcionamento dos \u00f3rg\u00e3os p\u00fablicos durante as festas de fim de ano\n\t\t<\/span><\/div>","aioseo_breadcrumb_json":[{"label":"In\u00edcio","link":"https:\/\/www.encontrabelem.com.br\/sobre"},{"label":"Not\u00edcias Bel\u00e9m","link":"https:\/\/www.encontrabelem.com.br\/sobre\/noticias-em-belem"},{"label":"Governo do Estado divulga o funcionamento dos \u00f3rg\u00e3os p\u00fablicos durante as festas de fim de ano","link":"https:\/\/www.encontrabelem.com.br\/sobre\/governo-do-estado-divulga-o-funcionamento-dos-orgaos-publicos-durante-as-festas-de-fim-de-ano"}],"_links":{"self":[{"href":"https:\/\/www.encontrabelem.com.br\/sobre\/wp-json\/wp\/v2\/posts\/1135","targetHints":{"allow":["GET"]}}],"collection":[{"href":"https:\/\/www.encontrabelem.com.br\/sobre\/wp-json\/wp\/v2\/posts"}],"about":[{"href":"https:\/\/www.encontrabelem.com.br\/sobre\/wp-json\/wp\/v2\/types\/post"}],"author":[{"embeddable":true,"href":"https:\/\/www.encontrabelem.com.br\/sobre\/wp-json\/wp\/v2\/users\/1"}],"replies":[{"embeddable":true,"href":"https:\/\/www.encontrabelem.com.br\/sobre\/wp-json\/wp\/v2\/comments?post=1135"}],"version-history":[{"count":0,"href":"https:\/\/www.encontrabelem.com.br\/sobre\/wp-json\/wp\/v2\/posts\/1135\/revisions"}],"wp:featuredmedia":[{"embeddable":true,"href":"https:\/\/www.encontrabelem.com.br\/sobre\/wp-json\/wp\/v2\/media\/1134"}],"wp:attachment":[{"href":"https:\/\/www.encontrabelem.com.br\/sobre\/wp-json\/wp\/v2\/media?parent=1135"}],"wp:term":[{"taxonomy":"category","embeddable":true,"href":"https:\/\/www.encontrabelem.com.br\/sobre\/wp-json\/wp\/v2\/categories?post=1135"},{"taxonomy":"post_tag","embeddable":true,"href":"https:\/\/www.encontrabelem.com.br\/sobre\/wp-json\/wp\/v2\/tags?post=1135"}],"curies":[{"name":"wp","href":"https:\/\/api.w.org\/{rel}","templated":true}]}}