{"id":1120,"date":"2026-01-06T09:44:52","date_gmt":"2026-01-06T12:44:52","guid":{"rendered":"https:\/\/www.encontrabelem.com.br\/sobre\/terceiro-dia-do-mundial-em-belem-tem-casa-cheia-eliminacoes-brasileiras-e-semifinais-definidas"},"modified":"2026-01-06T09:44:52","modified_gmt":"2026-01-06T12:44:52","slug":"terceiro-dia-do-mundial-em-belem-tem-casa-cheia-eliminacoes-brasileiras-e-semifinais-definidas","status":"publish","type":"post","link":"https:\/\/www.encontrabelem.com.br\/sobre\/terceiro-dia-do-mundial-em-belem-tem-casa-cheia-eliminacoes-brasileiras-e-semifinais-definidas","title":{"rendered":"Terceiro dia do Mundial em Bel\u00e9m tem casa cheia, elimina\u00e7\u00f5es brasileiras e semifinais definidas"},"content":{"rendered":"<div class=\"b22802487b0d38c4c6d9f34966e16421\" data-index=\"1\" style=\"float: none; margin:0px;\">\n<!-- Anuncio display - global -->\r\n<ins class=\"adsbygoogle\"\r\n     style=\"display:block\"\r\n     data-ad-client=\"ca-pub-8585364105181520\"\r\n     data-ad-slot=\"8789329856\"\r\n     data-ad-format=\"auto\"\r\n     data-full-width-responsive=\"true\"><\/ins>\r\n<script>\r\n     (adsbygoogle = window.adsbygoogle || []).push({});\r\n<\/script>\n<\/div>\n<h2>Abertura do Terceiro Dia de Jogos<\/h2>\n<p>No terceiro dia do <strong>Mundial de Clubes de V\u00f4lei Masculino 2025<\/strong>, realizado na <strong>Arena Guilherme Paraense, conhecida como Mangueirinho<\/strong>, em Bel\u00e9m do Par\u00e1, o evento atraiu uma multid\u00e3o de torcedores apaixonados pelo voleibol. O cora\u00e7\u00e3o do Par\u00e1 pulsou forte com cerca de <strong>seis mil espectadores<\/strong> presentes ao longo do dia, incentivando suas equipes favoritas. Essa edi\u00e7\u00e3o do Mundial, marcada pela participa\u00e7\u00e3o de grandes clubes internacionais e pela presen\u00e7a de tr\u00eas times brasileiros, \u00e9 um marco n\u00e3o s\u00f3 no esporte, mas tamb\u00e9m na afirma\u00e7\u00e3o do Par\u00e1 como um polo de eventos esportivos.<\/p>\n<p>O <strong>Mangueirinho<\/strong> foi selecionado para sediar esta competi\u00e7\u00e3o de prest\u00edgio, o que representa uma conquista significativa para a cidade de Bel\u00e9m e para todo o estado do Par\u00e1. O evento, que conta com a organiza\u00e7\u00e3o da <strong>Federa\u00e7\u00e3o Internacional de Voleibol (FIVB)<\/strong> e apoio do Governo do Estado do Par\u00e1, tem como objetivo proporcionar jogos de alto n\u00edvel, promovendo o interc\u00e2mbio cultural e esportivo entre as na\u00e7\u00f5es.<\/p>\n<h2>Torcida Paraense: Um Apoio Incr\u00edvel<\/h2>\n<p>A presen\u00e7a marcante da torcida paraense n\u00e3o passou despercebida. Os torcedores, com suas bandeiras e gritos de incentivo, contribu\u00edram para criar uma atmosfera vibrante. O torcedor Jonatha Vianna, um estudante presente no evento, expressou a import\u00e2ncia do Mundial em sua vida, afirmando que era a primeira vez que assistia a um evento desse porte. &#8220;A estrutura est\u00e1 excelente e o conforto \u00e9 muito bom&#8221;, destacou Jonatha, que se mostrou esperan\u00e7oso em ver o desempenho das equipes brasileiras nas competi\u00e7\u00f5es.<\/p>\n<p><img decoding=\"async\" src=\"https:\/\/www.encontrabelem.com.br\/sobre\/wp-content\/uploads\/2026\/01\/terceiro-dia-do-mundial-em-belem-tem-casa-cheia-eliminacoes-brasileiras-e-semifinais-definidas.webp\" alt=\"Mundial de V\u00f4lei em Bel\u00e9m\" loading=\"lazy\" \/><\/p>\n<p>O apoio da torcida \u00e9 um fator crucial em competi\u00e7\u00f5es esportivas, e, em Bel\u00e9m, isso foi evidente. O clima caloroso da cidade se refletiu nas arquibancadas, onde a energia n\u00e3o apenas animou os jogadores, mas tamb\u00e9m elevou a experi\u00eancia de todos os presentes. O professor e ex-atleta de v\u00f4lei, Leiff Reis, trouxe sua fam\u00edlia para assistir \u00e0s partidas e ressaltou o significado de ter um Mundial em sua cidade natal: &#8220;Trazer esse circuito para Bel\u00e9m fortalece o voleibol paraense, nacional e internacional&#8221;.<\/p>\n<h2>Elimina\u00e7\u00f5es de Sada Cruzeiro e Praia Clube<\/h2>\n<p>No entanto, a jornada das equipes brasileiras neste dia teve momentos de grande emo\u00e7\u00e3o, mas tamb\u00e9m algumas decep\u00e7\u00f5es. O <strong>Sada Cruzeiro<\/strong> e o <strong>Praia Clube<\/strong> foram eliminados do torneio ap\u00f3s as vit\u00f3rias dos seus advers\u00e1rios. O Sada Cruzeiro, tradicional no voleibol brasileiro, terminou sua participa\u00e7\u00e3o na terceira coloca\u00e7\u00e3o do <strong>Grupo B<\/strong>, somando apenas tr\u00eas pontos em tr\u00eas jogos, com duas derrotas e uma vit\u00f3ria. A derrota decisiva veio, em especial, contra o time italiano <strong>Perugia<\/strong>, com um placar desanimador de 3 sets a 0, refletindo a competitividade do evento.<\/p>\n<p>O Praia Clube tamb\u00e9m seguiu pela mesma sorte, sendo derrotado pelo time polon\u00eas <strong>Warta Zawiercie<\/strong> no mesmo dia, em um jogo que terminou em 3 sets a 0, evidenciando as dificuldades que as equipes brasileiras enfrentaram contra as pot\u00eancias internacionais. Ambas as equipes deixaram o torneio com a esperan\u00e7a de que as novas gera\u00e7\u00f5es continuem a luta para reverter esse cen\u00e1rio em futuras competi\u00e7\u00f5es internacionais.<\/p>\n<h2>Classifica\u00e7\u00e3o do V\u00f4lei Renata<\/h2>\n<p>Por outro lado, o <strong>V\u00f4lei Renata<\/strong>, de Campinas, soube aproveitar as oportunidades e se classificou para as semifinais como o segundo colocado do <strong>Grupo A<\/strong> com quatro pontos. Essa classifica\u00e7\u00e3o foi celebrada tanto pela equipe quanto pelos torcedores, que j\u00e1 vislumbram a possibilidade do time avan\u00e7ar ainda mais no campeonato. O esquema de classifica\u00e7\u00e3o do torneio, baseado em pontos corridos, aumenta a competi\u00e7\u00e3o e a emo\u00e7\u00e3o a cada jogo.<\/p>\n<p>O desempenho do V\u00f4lei Renata foi motivo de entusiasmo para a torcida, que espera ver o time seguindo firme na busca pelo t\u00edtulo. A equipe demonstrou resili\u00eancia e compet\u00eancia, caracter\u00edsticas fundamentais para enfrentar advers\u00e1rios de alto n\u00edvel e para conquistar vit\u00f3rias em situa\u00e7\u00f5es desafiadoras.<\/p>\n<h2>A Estrutura do Mangueirinho<\/h2>\n<p>A organiza\u00e7\u00e3o do Mundial na Arena Mangueirinho \u00e9 um reflexo do comprometimento do Governo do Estado em proporcionar um evento de classe mundial. A arena, com infraestrutura moderna e adequada para grandes competi\u00e7\u00f5es, \u00e9 um orgulho para Bel\u00e9m. O secret\u00e1rio de Estado de Esporte e Lazer, <strong>C\u00e1ssio Andrade<\/strong>, enfatizou que a realiza\u00e7\u00e3o do Mundial em Bel\u00e9m \u00e9 um marco hist\u00f3rico, evidenciando a capacidade da cidade de receber grandes eventos.<\/p>\n<p>A estrutura do Mangueirinho possibilita que jogadores e torcedores vivam uma experi\u00eancia inesquec\u00edvel. O gin\u00e1sio foi preparado para atender \u00e0s exig\u00eancias da FIVB, com condi\u00e7\u00f5es ideais para pr\u00e1tica do voleibol e conforto ao p\u00fablico. Os visitantes puderam desfrutar de um ambiente seguro e acolhedor, com op\u00e7\u00f5es de alimenta\u00e7\u00e3o e servi\u00e7os adequados, al\u00e9m da hospitalidade local que torna a experi\u00eancia ainda mais especial.<\/p>\n<h2>Depoimentos de Torcedores<\/h2>\n<p>Os relatos de torcedores presentes ao evento revelam a euforia e a emo\u00e7\u00e3o que moldaram o terceiro dia do Mundial. &#8220;A energia aqui \u00e9 contagiante! N\u00e3o tem como n\u00e3o torcer pelo Brasil&#8221;, comentou um torcedor, que estava na arquibancada aplaudindo fervorosamente. Outro espectador destacou a import\u00e2ncia de eventos como esse para a valoriza\u00e7\u00e3o do esporte na regi\u00e3o: &#8220;\u00c9 gratificante ver Bel\u00e9m recebendo um evento dessa magnitude. Torcer pelo meu time aqui \u00e9 algo que vou guardar para sempre!&#8221;.<\/p>\n<p>Esses depoimentos mostram como o esporte pode unir pessoas de diferentes origens e experi\u00eancias, criando uma atmosfera de alegria e celebra\u00e7\u00e3o. O v\u00f4lei, como atividade social e esportiva, tem o poder de fomentar o pertencimento e a comunidade, e eventos como o Mundial em Bel\u00e9m s\u00e3o uma oportunidade de vivenciar tudo isso de forma intensa.<\/p>\n<h2>Expectativas para as Semifinais<\/h2>\n<p>Com a elimina\u00e7\u00e3o de Sada Cruzeiro e Praia Clube, as aten\u00e7\u00f5es agora se voltam para as semifinais, programadas para o dia 20 de dezembro. O V\u00f4lei Renata, com seu hist\u00f3rico positivo e a confian\u00e7a elevada ap\u00f3s a classifica\u00e7\u00e3o, enfrentar\u00e1 o Perugia, equipe que demonstrou for\u00e7a ao longo da fase de grupos. As expectativas s\u00e3o altas entre os torcedores, que prometem comparecer em massa e apoiar o time na busca pela vit\u00f3ria.<\/p>\n<p>A semifinal \u00e9 sempre um confronto decisivo, onde cada ponto conta e onde a press\u00e3o dos espectadores pode fazer a diferen\u00e7a. As equipes que avan\u00e7arem ter\u00e3o a chance de disputar a grande final, tornando a atmosfera ainda mais carregada de emo\u00e7\u00e3o e expectativa. As arquibancadas certamente estar\u00e3o lotadas, com torcedores prontos para apoiar seu time.<\/p>\n<h2>Resultados dos Grupos A e B<\/h2>\n<p>Os resultados da fase de grupos definiram a configura\u00e7\u00e3o das semifinais. No <strong>Grupo A<\/strong>, os times classificados foram:<\/p>\n<ul>\n<li><strong>Warta Zawiercie<\/strong> (Pol\u00f4nia) &#8211; Classificado com 8 pontos<\/li>\n<li><strong>V\u00f4lei Renata<\/strong> (Brasil) &#8211; Classificado com 4 pontos<\/li>\n<li><strong>Praia Clube<\/strong> (Brasil) &#8211; 3 pontos<\/li>\n<li><strong>Al-Rayyan<\/strong> (Catar) &#8211; N\u00e3o se classificou<\/li>\n<\/ul>\n<p>Enquanto isso, no <strong>Grupo B<\/strong>, os classificados foram:<\/p>\n<ul>\n<li><strong>Perugia<\/strong> (It\u00e1lia) &#8211; Classificado com 8 pontos<\/li>\n<li><strong>Osaka Bluteon<\/strong> (Jap\u00e3o) &#8211; Classificado com 7 pontos<\/li>\n<li><strong>Sada Cruzeiro<\/strong> (Brasil) &#8211; 3 pontos<\/li>\n<li><strong>Asswehly<\/strong> (L\u00edbia) &#8211; N\u00e3o se classificou<\/li>\n<\/ul>\n<h2>Significado do Mundial para Bel\u00e9m<\/h2>\n<p>A realiza\u00e7\u00e3o do <strong>Mundial de Clubes de V\u00f4lei<\/strong> em Bel\u00e9m \u00e9 um divisor de \u00e1guas para o esporte local. Para o governo do estado e a popula\u00e7\u00e3o, \u00e9 mais que apenas um evento; \u00e9 uma oportunidade de mostrar ao mundo a cultura e a paix\u00e3o do povo paraense pelo esporte. A visibilidade obtida com a realiza\u00e7\u00e3o de um evento desse porte pode impulsionar o turismo e a economia local, criando um legado positivo para o futuro.<\/p>\n<p>Al\u00e9m disso, o Mundial contribui para a promo\u00e7\u00e3o do voleibol na regi\u00e3o, estimulando jovens atletas e discutindo a import\u00e2ncia do esporte na forma\u00e7\u00e3o de cidad\u00e3os ativos e saud\u00e1veis. O evento possui papel crucial na divulga\u00e7\u00e3o das capacidades das estruturas esportivas de Bel\u00e9m e de seu carinho pela modalidade, impulsionando a valoriza\u00e7\u00e3o do esporte em v\u00e1rias esferas.<\/p>\n<h2>Pr\u00f3ximos Jogos e Finais<\/h2>\n<p>Os pr\u00f3ximos jogos est\u00e3o agendados para o dia 20 de dezembro, com as semifinais programadas para ocorrer em hor\u00e1rio espec\u00edfico. O calend\u00e1rio segue com:<\/p>\n<ul>\n<li>13h \u2013 Semifinal 1: Warta Zawiercie (Pol\u00f4nia) x Osaka (Jap\u00e3o)<\/li>\n<li>16h30 \u2013 Semifinal 2: V\u00f4lei Renata (Brasil) x Perugia (It\u00e1lia)<\/li>\n<\/ul>\n<p>Finalmente, o grande cl\u00edmax do torneio, a final, acontecer\u00e1 no dia 21 de dezembro, prometendo ser um espet\u00e1culo repleto de emo\u00e7\u00e3o e habilidade dos melhores jogadores do mundo. As expectativas est\u00e3o mais altas do que nunca, e a cidade de Bel\u00e9m se prepara para mais um dia de celebra\u00e7\u00f5es e adrenalina no esporte.<\/p>\n\n<div style=\"font-size: 0px; height: 0px; line-height: 0px; margin: 0; padding: 0; clear: both;\"><\/div>","protected":false},"excerpt":{"rendered":"<p>Mundial de V\u00f4lei em Bel\u00e9m traz emo\u00e7\u00f5es, elimina\u00e7\u00f5es brasileiras e semifinais definidas.<\/p>\n","protected":false},"author":1,"featured_media":1119,"comment_status":"open","ping_status":"closed","sticky":false,"template":"","format":"standard","meta":{"footnotes":""},"categories":[1],"tags":[],"class_list":["post-1120","post","type-post","status-publish","format-standard","has-post-thumbnail","hentry","category-noticias-em-belem","has_thumb"],"aioseo_notices":[],"_links":{"self":[{"href":"https:\/\/www.encontrabelem.com.br\/sobre\/wp-json\/wp\/v2\/posts\/1120","targetHints":{"allow":["GET"]}}],"collection":[{"href":"https:\/\/www.encontrabelem.com.br\/sobre\/wp-json\/wp\/v2\/posts"}],"about":[{"href":"https:\/\/www.encontrabelem.com.br\/sobre\/wp-json\/wp\/v2\/types\/post"}],"author":[{"embeddable":true,"href":"https:\/\/www.encontrabelem.com.br\/sobre\/wp-json\/wp\/v2\/users\/1"}],"replies":[{"embeddable":true,"href":"https:\/\/www.encontrabelem.com.br\/sobre\/wp-json\/wp\/v2\/comments?post=1120"}],"version-history":[{"count":0,"href":"https:\/\/www.encontrabelem.com.br\/sobre\/wp-json\/wp\/v2\/posts\/1120\/revisions"}],"wp:featuredmedia":[{"embeddable":true,"href":"https:\/\/www.encontrabelem.com.br\/sobre\/wp-json\/wp\/v2\/media\/1119"}],"wp:attachment":[{"href":"https:\/\/www.encontrabelem.com.br\/sobre\/wp-json\/wp\/v2\/media?parent=1120"}],"wp:term":[{"taxonomy":"category","embeddable":true,"href":"https:\/\/www.encontrabelem.com.br\/sobre\/wp-json\/wp\/v2\/categories?post=1120"},{"taxonomy":"post_tag","embeddable":true,"href":"https:\/\/www.encontrabelem.com.br\/sobre\/wp-json\/wp\/v2\/tags?post=1120"}],"curies":[{"name":"wp","href":"https:\/\/api.w.org\/{rel}","templated":true}]}}