{"id":1112,"date":"2026-01-05T12:03:46","date_gmt":"2026-01-05T15:03:46","guid":{"rendered":"https:\/\/www.encontrabelem.com.br\/sobre\/sustentabilidade"},"modified":"2026-01-05T12:03:46","modified_gmt":"2026-01-05T15:03:46","slug":"sustentabilidade","status":"publish","type":"post","link":"https:\/\/www.encontrabelem.com.br\/sobre\/sustentabilidade","title":{"rendered":"SUSTENTABILIDADE"},"content":{"rendered":"<div class=\"b22802487b0d38c4c6d9f34966e16421\" data-index=\"1\" style=\"float: none; margin:0px;\">\n<!-- Anuncio display - global -->\r\n<ins class=\"adsbygoogle\"\r\n     style=\"display:block\"\r\n     data-ad-client=\"ca-pub-8585364105181520\"\r\n     data-ad-slot=\"8789329856\"\r\n     data-ad-format=\"auto\"\r\n     data-full-width-responsive=\"true\"><\/ins>\r\n<script>\r\n     (adsbygoogle = window.adsbygoogle || []).push({});\r\n<\/script>\n<\/div>\n<h2>A Reuni\u00e3o do CONACI em Bel\u00e9m<\/h2>\n<p>Nos dias 4 e 5 de dezembro de 2025, a cidade de Bel\u00e9m, no Par\u00e1, foi sede da 56\u00aa Reuni\u00e3o T\u00e9cnica do Conselho Nacional de Controle Interno (CONACI). Este evento teve grande relev\u00e2ncia, reunindo l\u00edderes e especialistas de todo o Brasil para debater quest\u00f5es essenciais relacionadas \u00e0 governan\u00e7a, sustentabilidade e transpar\u00eancia da gest\u00e3o p\u00fablica. A escolha de Bel\u00e9m como local para a reuni\u00e3o n\u00e3o foi ao acaso. A cidade j\u00e1 havia sido palco da COP30, confer\u00eancia das Na\u00e7\u00f5es Unidas sobre mudan\u00e7as clim\u00e1ticas, refor\u00e7ando sua import\u00e2ncia nas discuss\u00f5es sobre o futuro ambiental e social do pa\u00eds.<\/p>\n<p>Durante a reuni\u00e3o, o Controlador-Geral do Munic\u00edpio de Porto Velho, Jonhy Milson, destacou a import\u00e2ncia do encontro para o fortalecimento das pr\u00e1ticas de controle e transpar\u00eancia no uso dos recursos p\u00fablicos. Especialistas de diversas \u00e1reas estiveram presentes, abordando assuntos cruciais como a Governan\u00e7a Ambiental, Social e de Governan\u00e7a (ESG), pr\u00e1ticas de auditoria, e inova\u00e7\u00f5es que podem melhorar a efici\u00eancia da gest\u00e3o p\u00fablica. O evento permitiu a troca de experi\u00eancias entre os participantes, mostrando que a colabora\u00e7\u00e3o entre diferentes munic\u00edpios \u00e9 vital para o avan\u00e7o das pol\u00edticas p\u00fablicas no Brasil.<\/p>\n<p>Dentre os t\u00f3picos discutidos, a neuroci\u00eancia aplicada \u00e0 tomada de decis\u00f5es \u00e9ticas e a preven\u00e7\u00e3o de fraudes foram abordadas, destacando estrat\u00e9gias inovadoras que podem ser implementadas para evitar irregularidades. Al\u00e9m disso, experi\u00eancias em controle interno, auditoria e gest\u00e3o de riscos foram analisadas, refor\u00e7ando a necessidade de um controle rigoroso e \u00e9tico no uso de recursos p\u00fablicos.<\/p>\n<p><img decoding=\"async\" src=\"https:\/\/www.encontrabelem.com.br\/sobre\/wp-content\/uploads\/2026\/01\/sustentabilidade.webp\" alt=\"sustentabilidade\" loading=\"lazy\" \/><\/p>\n<h2>Compromisso com a Sustentabilidade<\/h2>\n<p>A pauta da sustentabilidade foi o eixo central da reuni\u00e3o do CONACI, refletindo a crescente preocupa\u00e7\u00e3o com as quest\u00f5es ambientais e sociais nos diferentes n\u00edveis de gest\u00e3o p\u00fablica. O compromisso com a sustentabilidade implica em adotar pr\u00e1ticas que n\u00e3o apenas protejam o meio ambiente, mas que tamb\u00e9m promovam justi\u00e7a social e econ\u00f4mica. Os munic\u00edpios brasileiros est\u00e3o se empenhando em criar uma administra\u00e7\u00e3o p\u00fablica mais consciente e respons\u00e1vel, alinhando-se \u00e0s demandas globais e locais.<\/p>\n<p>Um dos principais objetivos discutidos durante a reuni\u00e3o foi a implementa\u00e7\u00e3o de pr\u00e1ticas sustent\u00e1veis na gest\u00e3o p\u00fablica. Isso inclui a ado\u00e7\u00e3o de pol\u00edticas que priorizem o uso eficiente dos recursos, a redu\u00e7\u00e3o do desperd\u00edcio e a promo\u00e7\u00e3o de iniciativas verdes, como a gest\u00e3o de res\u00edduos e o uso de energias renov\u00e1veis. Os modelos de gest\u00e3o apresentados evidenciam que \u00e9 poss\u00edvel unir desenvolvimento econ\u00f4mico e cuidado com o meio ambiente.<\/p>\n<p>Jonhy Milson, ao compartilhar a experi\u00eancia de Porto Velho, enfatizou como a cidade est\u00e1 buscando se alinhar \u00e0s melhores pr\u00e1ticas de sustentabilidade, visando n\u00e3o apenas a preserva\u00e7\u00e3o ambiental, mas tamb\u00e9m aprimorando a qualidade de vida dos cidad\u00e3os. O acompanhamento e a avalia\u00e7\u00e3o de pol\u00edticas p\u00fablicas sustent\u00e1veis s\u00e3o essenciais para o sucesso dessas iniciativas e para garantir resultados efetivos.<\/p>\n<h2>Pr\u00e1ticas de Transpar\u00eancia Implementadas<\/h2>\n<p>A transpar\u00eancia na gest\u00e3o p\u00fablica \u00e9 um dos pilares fundamentais do Estado democr\u00e1tico de direito. Durante a reuni\u00e3o do CONACI, foram compartilhadas experi\u00eancias e pr\u00e1ticas eficazes para fomentar a transpar\u00eancia nas administra\u00e7\u00f5es municipais. Em Porto Velho, a Controladoria-Geral tem trabalhado ativamente para criar mecanismos que tornem as informa\u00e7\u00f5es alocadas \u00e0 popula\u00e7\u00e3o acess\u00edveis e compreens\u00edveis.<\/p>\n<p>Um dos principais focos foi na utiliza\u00e7\u00e3o de plataformas digitais que garantam f\u00e1cil acesso \u00e0s informa\u00e7\u00f5es p\u00fablicas. O Portal da Transpar\u00eancia da cidade \u00e9 um exemplo de como as tecnologias da informa\u00e7\u00e3o podem ser utilizadas para promover a responsabilidade e a presta\u00e7\u00e3o de contas. Cidad\u00e3os t\u00eam acesso a dados sobre gastos p\u00fablicos, licita\u00e7\u00f5es e contratos, o que \u00e9 fundamental para o combate \u00e0 corrup\u00e7\u00e3o.<\/p>\n<p>Al\u00e9m disso, foram discutidas formas de incentivar a participa\u00e7\u00e3o da sociedade civil na fiscaliza\u00e7\u00e3o e no acompanhamento da gest\u00e3o p\u00fablica. Iniciativas como audi\u00eancias p\u00fablicas, consultas populares e a cria\u00e7\u00e3o de ouvidorias s\u00e3o instrumentos que permitem aos cidad\u00e3os se envolverem ativamente na administra\u00e7\u00e3o de sua cidade. A transpar\u00eancia, portanto, vai al\u00e9m de simplesmente divulgar dados: trata-se de criar uma cultura de abertura e di\u00e1logo entre o poder p\u00fablico e a sociedade.<\/p>\n<h2>O Papel do Controlador-Geral do Munic\u00edpio<\/h2>\n<p>O Controlador-Geral do Munic\u00edpio exerce uma fun\u00e7\u00e3o fundamental na constru\u00e7\u00e3o de uma administra\u00e7\u00e3o p\u00fablica que prima pela \u00e9tica, transpar\u00eancia e controle. Jonhy Milson, representante de Porto Velho no evento, destacou a relev\u00e2ncia de sua fun\u00e7\u00e3o em promover e coordenar a\u00e7\u00f5es que garantam a integridade e o correto uso dos recursos p\u00fablicos. A Controladoria-Geral atua como um \u00f3rg\u00e3o de supervis\u00e3o, buscando assegurar que as pr\u00e1ticas administrativas estejam em conformidade com a legisla\u00e7\u00e3o e as normas de governan\u00e7a.<\/p>\n<p>Durante a reuni\u00e3o, Milson tamb\u00e9m ressaltou a import\u00e2ncia de formar uma equipe capacitada e comprometida com as diretrizes de controle e \u00e9tica administrativa. Para isso, a troca de experi\u00eancias e conhecimentos entre diferentes munic\u00edpios \u00e9 vital. A capacita\u00e7\u00e3o cont\u00ednua dos servidores p\u00fablicos em temas como auditoria, controle interno e preven\u00e7\u00e3o de fraudes facilita a implementa\u00e7\u00e3o de boas pr\u00e1ticas de governan\u00e7a.<\/p>\n<p>Al\u00e9m disso, a atua\u00e7\u00e3o proativa do controlador pode auxiliar no fortalecimento da confian\u00e7a da popula\u00e7\u00e3o nas institui\u00e7\u00f5es p\u00fablicas. Quando o cidad\u00e3o percebe que h\u00e1 um controle eficaz sobre a aplica\u00e7\u00e3o dos recursos, \u00e9 mais prov\u00e1vel que se sinta motivado a participar das discuss\u00f5es e iniciativas p\u00fablicas, contribuindo para um ambiente mais democr\u00e1tico e transparente.<\/p>\n<h2>Discuss\u00f5es sobre Governan\u00e7a P\u00fablica<\/h2>\n<p>A governan\u00e7a p\u00fablica foi um dos t\u00f3picos centrais da reuni\u00e3o, especialmente no que se refere \u00e0 implementa\u00e7\u00e3o de pr\u00e1ticas inovadoras que possam melhorar a qualidade dos servi\u00e7os prestados \u00e0 popula\u00e7\u00e3o. Os participantes discutiram a necessidade de integrar pol\u00edticas p\u00fablicas e garantir que essas a\u00e7\u00f5es sejam efetivas e que atendam \u00e0s necessidades da popula\u00e7\u00e3o de maneira adequada.<\/p>\n<p>As metodologias de avalia\u00e7\u00e3o de impacto e efic\u00e1cia das a\u00e7\u00f5es municipais foram um elemento central do debate. Avaliar os resultados das pol\u00edticas p\u00fablicas \u00e9 fundamental para detectar falhas e promover ajustes necess\u00e1rios. Voc\u00ea deve garantir que as iniciativas estejam realmente trazendo benef\u00edcios aos cidad\u00e3os e, assim, aumentando sua qualidade de vida.<\/p>\n<p>Cabe ressaltar a import\u00e2ncia de pr\u00e1ticas de controle interno robustas que facilitem a governan\u00e7a adequada. A implementa\u00e7\u00e3o de sistemas de gerenciamento de riscos e a promo\u00e7\u00e3o de uma cultura de \u00e9tica e integridade nas institui\u00e7\u00f5es s\u00e3o essenciais para garantir que a governan\u00e7a p\u00fablica alcance seus objetivos e n\u00e3o se desvie do seu prop\u00f3sito.<\/p>\n<h2>Inova\u00e7\u00f5es em Controle Interno<\/h2>\n<p>O controle interno \u00e9 uma ferramenta fundamental para assegurar a boa governan\u00e7a nas administra\u00e7\u00f5es p\u00fablicas. Durante a reuni\u00e3o do CONACI, foram discutidas diversas inova\u00e7\u00f5es que podem ser implementadas para aprimorar essa \u00e1rea. Uma das inova\u00e7\u00f5es mencionadas foi a utiliza\u00e7\u00e3o de softwares e sistemas de informa\u00e7\u00e3o que permitam um monitoramento mais eficaz e em tempo real dos gastos p\u00fablicos.<\/p>\n<p>A digitaliza\u00e7\u00e3o de processos, por exemplo, facilita a coleta e a an\u00e1lise de dados, permitindo que os gestores identifiquem rapidamente qualquer irregularidade. A an\u00e1lise preditiva, que utiliza dados hist\u00f3ricos para prever futuras incid\u00eancias de problemas, \u00e9 uma abordagem que pode revolucionar a forma como o controle interno \u00e9 exercido.<\/p>\n<p>Al\u00e9m disso, a troca de experi\u00eancias entre os munic\u00edpios \u00e9 uma \u00f3tima oportunidade para introduzir pr\u00e1ticas inovadoras e eficientes que j\u00e1 mostraram resultados positivos. A implementa\u00e7\u00e3o de mecanismos de auditoria cont\u00ednua, por exemplo, pode garantir uma fiscaliza\u00e7\u00e3o mais eficaz e evitar fraudes e erros or\u00e7ament\u00e1rios.<\/p>\n<h2>Import\u00e2ncia da Participa\u00e7\u00e3o de Porto Velho<\/h2>\n<p>A presen\u00e7a de Porto Velho na reuni\u00e3o do CONACI n\u00e3o apenas fortalece a visibilidade do munic\u00edpio, mas tamb\u00e9m demonstra seu compromisso em buscar melhorias na gest\u00e3o p\u00fablica. O envolvimento ativo da cidade nas discuss\u00f5es a n\u00edvel nacional possibilita a troca de experi\u00eancias e a absor\u00e7\u00e3o de boas pr\u00e1ticas que podem ser implementadas localmente.<\/p>\n<p>Participar de eventos de grande import\u00e2ncia, como o CONACI, permite que Porto Velho esteja em sintonia com as tend\u00eancias e pr\u00e1ticas de controle interno e sustentabilidade discutidas no pa\u00eds. Essa participa\u00e7\u00e3o tamb\u00e9m refor\u00e7a a responsabilidade do munic\u00edpio em atuar de forma alinhada com as diretrizes de governan\u00e7a p\u00fablica, buscando sempre o melhor para a sua popula\u00e7\u00e3o.<\/p>\n<p>O prefeito L\u00e9o Moraes, ao destacar a import\u00e2ncia da participa\u00e7\u00e3o de Porto Velho, ressaltou que a cidade avan\u00e7a na constru\u00e7\u00e3o de uma gest\u00e3o mais transparente e sustent\u00e1vel, refletindo o compromisso com os cidad\u00e3os. O conhecimento adquirido em eventos como este pode ser utilizado para aprimorar as pol\u00edticas e a\u00e7\u00f5es p\u00fablicas, alinhando-as aos melhores padr\u00f5es de governan\u00e7a.<\/p>\n<h2>Impacto das Pol\u00edticas P\u00fablicas em Sustentabilidade<\/h2>\n<p>A ado\u00e7\u00e3o de pol\u00edticas p\u00fablicas voltadas \u00e0 sustentabilidade possui um impacto significativo no desenvolvimento das cidades e na qualidade de vida de seus habitantes. Durante a reuni\u00e3o do CONACI, especialistas discutiram sobre como as pr\u00e1ticas sustent\u00e1veis s\u00e3o essenciais para enfrentar os desafios ambientais e sociais atuais.<\/p>\n<p>Pol\u00edticas p\u00fablicas que promovem a conserva\u00e7\u00e3o dos recursos naturais, a efici\u00eancia energ\u00e9tica e a inclus\u00e3o social tendem a criar um ambiente mais equilibrado e harm\u00f4nico. Al\u00e9m disso, a implementa\u00e7\u00e3o de pr\u00e1ticas sustent\u00e1veis nos processos de gest\u00e3o p\u00fablica pode aumentar a efici\u00eancia do gasto p\u00fablico e reduzir desperd\u00edcios, assegurando que os recursos sejam utilizados de forma mais consciente.<\/p>\n<p>Os munic\u00edpios que se empenham em adotar essas pol\u00edticas tendem a ser mais resilientes a crises, como as consequ\u00eancias das mudan\u00e7as clim\u00e1ticas, e apresentam solu\u00e7\u00f5es inovadoras que podem servir de exemplo para outras cidades. O trabalho conjunto entre os diferentes n\u00edveis de governo e a sociedade civil \u00e9 fundamental para garantir a efetividade das pol\u00edticas na prote\u00e7\u00e3o do meio ambiente e no fortalecimento social.<\/p>\n<h2>Fortalecimento da Gest\u00e3o Fiscal<\/h2>\n<p>A gest\u00e3o fiscal \u00e9 uma das \u00e1reas que tamb\u00e9m se beneficia enormemente da ado\u00e7\u00e3o de pr\u00e1ticas de sustentabilidade. O controle eficaz dos gastos p\u00fablicos e a prioriza\u00e7\u00e3o de investimentos em projetos que tragam benef\u00edcios diretos \u00e0 popula\u00e7\u00e3o s\u00e3o fundamentais para a constru\u00e7\u00e3o de uma administra\u00e7\u00e3o p\u00fablica sustent\u00e1vel e respons\u00e1vel.<\/p>\n<p>A participa\u00e7\u00e3o ativa da Controladoria na elabora\u00e7\u00e3o do or\u00e7amento e na fiscaliza\u00e7\u00e3o da execu\u00e7\u00e3o or\u00e7ament\u00e1ria permite um uso mais eficiente dos recursos, o que \u00e9 essencial para a garantia de servi\u00e7os p\u00fablicos de qualidade. Durante a reuni\u00e3o do CONACI, foram apresentados modelos de planejamento estrat\u00e9gico que integram a sustentabilidade \u00e0s pr\u00e1ticas de gest\u00e3o fiscal, assegurando que os resultados esperados estejam alinhados \u00e0s expectativas da popula\u00e7\u00e3o.<\/p>\n<p>Investir em a\u00e7\u00f5es sustent\u00e1veis n\u00e3o \u00e9 apenas uma responsabilidade ambiental, mas tamb\u00e9m uma oportunidade de inova\u00e7\u00e3o e desenvolvimento econ\u00f4mico. Cidades que lideram nessa \u00e1rea tornam-se mais atraentes para investimentos e parcerias, contribuindo para seu crescimento e desenvolvimento.<\/p>\n<h2>Perspectivas Futuras para a Administra\u00e7\u00e3o P\u00fablica<\/h2>\n<p>As discuss\u00f5es realizadas durante a reuni\u00e3o do CONACI em Bel\u00e9m trazem \u00e0 tona reflex\u00f5es sobre as perspectivas futuras da administra\u00e7\u00e3o p\u00fablica no Brasil. A incorpora\u00e7\u00e3o de pr\u00e1ticas de sustentabilidade e transpar\u00eancia dever\u00e1 continuar sendo uma prioridade, principalmente em um cen\u00e1rio de crescente demanda por responsabilidade social e ambiental.<\/p>\n<p>Para o futuro, espera-se que mais munic\u00edpios adotem pol\u00edticas que integrem a sustentabilidade em suas estrat\u00e9gias de desenvolvimento. al\u00e9m de aprofundar a colabora\u00e7\u00e3o entre as esferas de governan\u00e7a p\u00fablica, aumentando a participa\u00e7\u00e3o da sociedade civil em processos de tomada de decis\u00f5es.<\/p>\n<p>O fortalecimento do controle interno e a busca por inova\u00e7\u00f5es tecnol\u00f3gicas tamb\u00e9m devem ser temas centrais nas agendas municipais. O uso de ferramentas digitais e plataformas interativas que promovam o acesso \u00e0 informa\u00e7\u00e3o e a transpar\u00eancia ser\u00e1 crucial para aumentar a confian\u00e7a da popula\u00e7\u00e3o nas institui\u00e7\u00f5es p\u00fablicas.<\/p>\n<p>Por fim, o papel das administra\u00e7\u00f5es p\u00fablicas em promover a justi\u00e7a social por meio de pol\u00edticas que visem a inclus\u00e3o e a equidade ser\u00e1 fundamental para o desenvolvimento de cidades mais justas e sustent\u00e1veis. As a\u00e7\u00f5es realizadas hoje, alinhadas a uma vis\u00e3o de futuro respons\u00e1vel, ter\u00e3o um impacto direto na qualidade de vida das pr\u00f3ximas gera\u00e7\u00f5es, criando sociedades mais equilibradas e resilientes.<\/p>\n\n<div style=\"font-size: 0px; height: 0px; line-height: 0px; margin: 0; padding: 0; clear: both;\"><\/div>","protected":false},"excerpt":{"rendered":"<p>Sustentabilidade \u00e9 o foco nas a\u00e7\u00f5es do munic\u00edpio durante reuni\u00e3o no CONACI.<\/p>\n","protected":false},"author":1,"featured_media":1111,"comment_status":"open","ping_status":"closed","sticky":false,"template":"","format":"standard","meta":{"footnotes":""},"categories":[1],"tags":[],"class_list":["post-1112","post","type-post","status-publish","format-standard","has-post-thumbnail","hentry","category-noticias-em-belem","has_thumb"],"aioseo_notices":[],"aioseo_head":"\n\t\t<!-- All in One SEO 5.0.0.1 - aioseo.com -->\n\t<meta name=\"description\" content=\"Sustentabilidade \u00e9 o foco nas a\u00e7\u00f5es do munic\u00edpio durante reuni\u00e3o no CONACI.\" \/>\n\t<meta name=\"robots\" content=\"max-image-preview:large\" \/>\n\t<meta name=\"author\" content=\"Encontra Bel\u00e9m\"\/>\n\t<link rel=\"canonical\" href=\"https:\/\/www.encontrabelem.com.br\/sobre\/sustentabilidade\" \/>\n\t<meta name=\"generator\" content=\"All in One SEO (AIOSEO) 5.0.0.1\" \/>\n\t\t<meta property=\"og:locale\" content=\"pt_BR\" \/>\n\t\t<meta property=\"og:site_name\" content=\"Encontra Bel\u00e9m | Not\u00edcias, eventos, informa\u00e7\u00f5es e dicas na cidade Bel\u00e9m e regi\u00e3o.\" \/>\n\t\t<meta property=\"og:type\" content=\"article\" \/>\n\t\t<meta property=\"og:title\" content=\"SUSTENTABILIDADE | Encontra Bel\u00e9m\" \/>\n\t\t<meta property=\"og:description\" content=\"Sustentabilidade \u00e9 o foco nas a\u00e7\u00f5es do munic\u00edpio durante reuni\u00e3o no CONACI.\" \/>\n\t\t<meta property=\"og:url\" content=\"https:\/\/www.encontrabelem.com.br\/sobre\/sustentabilidade\" \/>\n\t\t<meta property=\"article:published_time\" content=\"2026-01-05T15:03:46+00:00\" \/>\n\t\t<meta property=\"article:modified_time\" content=\"2026-01-05T15:03:46+00:00\" \/>\n\t\t<meta name=\"twitter:card\" content=\"summary\" \/>\n\t\t<meta name=\"twitter:title\" content=\"SUSTENTABILIDADE | Encontra Bel\u00e9m\" \/>\n\t\t<meta name=\"twitter:description\" content=\"Sustentabilidade \u00e9 o foco nas a\u00e7\u00f5es do munic\u00edpio durante reuni\u00e3o no CONACI.\" \/>\n\t\t<script type=\"application\/ld+json\" class=\"aioseo-schema\">\n\t\t\t{\"@context\":\"https:\\\/\\\/schema.org\",\"@graph\":[{\"@type\":\"Article\",\"@id\":\"https:\\\/\\\/www.encontrabelem.com.br\\\/sobre\\\/sustentabilidade#article\",\"name\":\"SUSTENTABILIDADE | Encontra Bel\\u00e9m\",\"headline\":\"SUSTENTABILIDADE\",\"author\":{\"@id\":\"https:\\\/\\\/www.encontrabelem.com.br\\\/sobre\\\/author\\\/ebelem#author\"},\"publisher\":{\"@id\":\"https:\\\/\\\/www.encontrabelem.com.br\\\/sobre\\\/#organization\"},\"image\":{\"@type\":\"ImageObject\",\"url\":\"https:\\\/\\\/www.encontrabelem.com.br\\\/sobre\\\/wp-content\\\/uploads\\\/2026\\\/01\\\/sustentabilidade.webp\",\"width\":320,\"height\":280,\"caption\":\"sustentabilidade\"},\"datePublished\":\"2026-01-05T12:03:46-03:00\",\"dateModified\":\"2026-01-05T12:03:46-03:00\",\"inLanguage\":\"pt-BR\",\"mainEntityOfPage\":{\"@id\":\"https:\\\/\\\/www.encontrabelem.com.br\\\/sobre\\\/sustentabilidade#webpage\"},\"isPartOf\":{\"@id\":\"https:\\\/\\\/www.encontrabelem.com.br\\\/sobre\\\/sustentabilidade#webpage\"},\"articleSection\":\"Not\\u00edcias Bel\\u00e9m\"},{\"@type\":\"BreadcrumbList\",\"@id\":\"https:\\\/\\\/www.encontrabelem.com.br\\\/sobre\\\/sustentabilidade#breadcrumblist\",\"itemListElement\":[{\"@type\":\"ListItem\",\"@id\":\"https:\\\/\\\/www.encontrabelem.com.br\\\/sobre#listItem\",\"position\":1,\"name\":\"In\\u00edcio\",\"item\":\"https:\\\/\\\/www.encontrabelem.com.br\\\/sobre\",\"nextItem\":{\"@type\":\"ListItem\",\"@id\":\"https:\\\/\\\/www.encontrabelem.com.br\\\/sobre\\\/noticias-em-belem#listItem\",\"name\":\"Not\\u00edcias Bel\\u00e9m\"}},{\"@type\":\"ListItem\",\"@id\":\"https:\\\/\\\/www.encontrabelem.com.br\\\/sobre\\\/noticias-em-belem#listItem\",\"position\":2,\"name\":\"Not\\u00edcias Bel\\u00e9m\",\"item\":\"https:\\\/\\\/www.encontrabelem.com.br\\\/sobre\\\/noticias-em-belem\",\"nextItem\":{\"@type\":\"ListItem\",\"@id\":\"https:\\\/\\\/www.encontrabelem.com.br\\\/sobre\\\/sustentabilidade#listItem\",\"name\":\"SUSTENTABILIDADE\"},\"previousItem\":{\"@type\":\"ListItem\",\"@id\":\"https:\\\/\\\/www.encontrabelem.com.br\\\/sobre#listItem\",\"name\":\"In\\u00edcio\"}},{\"@type\":\"ListItem\",\"@id\":\"https:\\\/\\\/www.encontrabelem.com.br\\\/sobre\\\/sustentabilidade#listItem\",\"position\":3,\"name\":\"SUSTENTABILIDADE\",\"previousItem\":{\"@type\":\"ListItem\",\"@id\":\"https:\\\/\\\/www.encontrabelem.com.br\\\/sobre\\\/noticias-em-belem#listItem\",\"name\":\"Not\\u00edcias Bel\\u00e9m\"}}]},{\"@type\":\"Organization\",\"@id\":\"https:\\\/\\\/www.encontrabelem.com.br\\\/sobre\\\/#organization\",\"name\":\"Encontra Bel\\u00e9m\",\"description\":\"Not\\u00edcias, eventos, informa\\u00e7\\u00f5es e dicas na cidade Bel\\u00e9m e regi\\u00e3o.\",\"url\":\"https:\\\/\\\/www.encontrabelem.com.br\\\/sobre\\\/\"},{\"@type\":\"Person\",\"@id\":\"https:\\\/\\\/www.encontrabelem.com.br\\\/sobre\\\/author\\\/ebelem#author\",\"url\":\"https:\\\/\\\/www.encontrabelem.com.br\\\/sobre\\\/author\\\/ebelem\",\"name\":\"Encontra Bel\\u00e9m\",\"image\":{\"@type\":\"ImageObject\",\"@id\":\"https:\\\/\\\/www.encontrabelem.com.br\\\/sobre\\\/sustentabilidade#authorImage\",\"url\":\"https:\\\/\\\/secure.gravatar.com\\\/avatar\\\/507340682b8270222e1f208e23198b6ae7e2c6a1033ae84e99bc6bce4f82a387?s=96&d=mm&r=g\",\"width\":96,\"height\":96,\"caption\":\"Encontra Bel\\u00e9m\"}},{\"@type\":\"WebPage\",\"@id\":\"https:\\\/\\\/www.encontrabelem.com.br\\\/sobre\\\/sustentabilidade#webpage\",\"url\":\"https:\\\/\\\/www.encontrabelem.com.br\\\/sobre\\\/sustentabilidade\",\"name\":\"SUSTENTABILIDADE | Encontra Bel\\u00e9m\",\"description\":\"Sustentabilidade \\u00e9 o foco nas a\\u00e7\\u00f5es do munic\\u00edpio durante reuni\\u00e3o no CONACI.\",\"inLanguage\":\"pt-BR\",\"isPartOf\":{\"@id\":\"https:\\\/\\\/www.encontrabelem.com.br\\\/sobre\\\/#website\"},\"breadcrumb\":{\"@id\":\"https:\\\/\\\/www.encontrabelem.com.br\\\/sobre\\\/sustentabilidade#breadcrumblist\"},\"author\":{\"@id\":\"https:\\\/\\\/www.encontrabelem.com.br\\\/sobre\\\/author\\\/ebelem#author\"},\"creator\":{\"@id\":\"https:\\\/\\\/www.encontrabelem.com.br\\\/sobre\\\/author\\\/ebelem#author\"},\"image\":{\"@type\":\"ImageObject\",\"url\":\"https:\\\/\\\/www.encontrabelem.com.br\\\/sobre\\\/wp-content\\\/uploads\\\/2026\\\/01\\\/sustentabilidade.webp\",\"@id\":\"https:\\\/\\\/www.encontrabelem.com.br\\\/sobre\\\/sustentabilidade\\\/#mainImage\",\"width\":320,\"height\":280,\"caption\":\"sustentabilidade\"},\"primaryImageOfPage\":{\"@id\":\"https:\\\/\\\/www.encontrabelem.com.br\\\/sobre\\\/sustentabilidade#mainImage\"},\"datePublished\":\"2026-01-05T12:03:46-03:00\",\"dateModified\":\"2026-01-05T12:03:46-03:00\"},{\"@type\":\"WebSite\",\"@id\":\"https:\\\/\\\/www.encontrabelem.com.br\\\/sobre\\\/#website\",\"url\":\"https:\\\/\\\/www.encontrabelem.com.br\\\/sobre\\\/\",\"name\":\"Encontra Bel\\u00e9m\",\"description\":\"Not\\u00edcias, eventos, informa\\u00e7\\u00f5es e dicas na cidade Bel\\u00e9m e regi\\u00e3o.\",\"inLanguage\":\"pt-BR\",\"publisher\":{\"@id\":\"https:\\\/\\\/www.encontrabelem.com.br\\\/sobre\\\/#organization\"}}]}\n\t\t<\/script>\n\t\t<!-- All in One SEO -->\n\n","aioseo_head_json":{"title":"SUSTENTABILIDADE | Encontra Bel\u00e9m","description":"Sustentabilidade \u00e9 o foco nas a\u00e7\u00f5es do munic\u00edpio durante reuni\u00e3o no CONACI.","canonical_url":"https:\/\/www.encontrabelem.com.br\/sobre\/sustentabilidade","robots":"max-image-preview:large","keywords":"","webmasterTools":{"miscellaneous":""},"schema":{"@context":"https:\/\/schema.org","@graph":[{"@type":"Article","@id":"https:\/\/www.encontrabelem.com.br\/sobre\/sustentabilidade#article","name":"SUSTENTABILIDADE | Encontra Bel\u00e9m","headline":"SUSTENTABILIDADE","author":{"@id":"https:\/\/www.encontrabelem.com.br\/sobre\/author\/ebelem#author"},"publisher":{"@id":"https:\/\/www.encontrabelem.com.br\/sobre\/#organization"},"image":{"@type":"ImageObject","url":"https:\/\/www.encontrabelem.com.br\/sobre\/wp-content\/uploads\/2026\/01\/sustentabilidade.webp","width":320,"height":280,"caption":"sustentabilidade"},"datePublished":"2026-01-05T12:03:46-03:00","dateModified":"2026-01-05T12:03:46-03:00","inLanguage":"pt-BR","mainEntityOfPage":{"@id":"https:\/\/www.encontrabelem.com.br\/sobre\/sustentabilidade#webpage"},"isPartOf":{"@id":"https:\/\/www.encontrabelem.com.br\/sobre\/sustentabilidade#webpage"},"articleSection":"Not\u00edcias Bel\u00e9m"},{"@type":"BreadcrumbList","@id":"https:\/\/www.encontrabelem.com.br\/sobre\/sustentabilidade#breadcrumblist","itemListElement":[{"@type":"ListItem","@id":"https:\/\/www.encontrabelem.com.br\/sobre#listItem","position":1,"name":"In\u00edcio","item":"https:\/\/www.encontrabelem.com.br\/sobre","nextItem":{"@type":"ListItem","@id":"https:\/\/www.encontrabelem.com.br\/sobre\/noticias-em-belem#listItem","name":"Not\u00edcias Bel\u00e9m"}},{"@type":"ListItem","@id":"https:\/\/www.encontrabelem.com.br\/sobre\/noticias-em-belem#listItem","position":2,"name":"Not\u00edcias Bel\u00e9m","item":"https:\/\/www.encontrabelem.com.br\/sobre\/noticias-em-belem","nextItem":{"@type":"ListItem","@id":"https:\/\/www.encontrabelem.com.br\/sobre\/sustentabilidade#listItem","name":"SUSTENTABILIDADE"},"previousItem":{"@type":"ListItem","@id":"https:\/\/www.encontrabelem.com.br\/sobre#listItem","name":"In\u00edcio"}},{"@type":"ListItem","@id":"https:\/\/www.encontrabelem.com.br\/sobre\/sustentabilidade#listItem","position":3,"name":"SUSTENTABILIDADE","previousItem":{"@type":"ListItem","@id":"https:\/\/www.encontrabelem.com.br\/sobre\/noticias-em-belem#listItem","name":"Not\u00edcias Bel\u00e9m"}}]},{"@type":"Organization","@id":"https:\/\/www.encontrabelem.com.br\/sobre\/#organization","name":"Encontra Bel\u00e9m","description":"Not\u00edcias, eventos, informa\u00e7\u00f5es e dicas na cidade Bel\u00e9m e regi\u00e3o.","url":"https:\/\/www.encontrabelem.com.br\/sobre\/"},{"@type":"Person","@id":"https:\/\/www.encontrabelem.com.br\/sobre\/author\/ebelem#author","url":"https:\/\/www.encontrabelem.com.br\/sobre\/author\/ebelem","name":"Encontra Bel\u00e9m","image":{"@type":"ImageObject","@id":"https:\/\/www.encontrabelem.com.br\/sobre\/sustentabilidade#authorImage","url":"https:\/\/secure.gravatar.com\/avatar\/507340682b8270222e1f208e23198b6ae7e2c6a1033ae84e99bc6bce4f82a387?s=96&d=mm&r=g","width":96,"height":96,"caption":"Encontra Bel\u00e9m"}},{"@type":"WebPage","@id":"https:\/\/www.encontrabelem.com.br\/sobre\/sustentabilidade#webpage","url":"https:\/\/www.encontrabelem.com.br\/sobre\/sustentabilidade","name":"SUSTENTABILIDADE | Encontra Bel\u00e9m","description":"Sustentabilidade \u00e9 o foco nas a\u00e7\u00f5es do munic\u00edpio durante reuni\u00e3o no CONACI.","inLanguage":"pt-BR","isPartOf":{"@id":"https:\/\/www.encontrabelem.com.br\/sobre\/#website"},"breadcrumb":{"@id":"https:\/\/www.encontrabelem.com.br\/sobre\/sustentabilidade#breadcrumblist"},"author":{"@id":"https:\/\/www.encontrabelem.com.br\/sobre\/author\/ebelem#author"},"creator":{"@id":"https:\/\/www.encontrabelem.com.br\/sobre\/author\/ebelem#author"},"image":{"@type":"ImageObject","url":"https:\/\/www.encontrabelem.com.br\/sobre\/wp-content\/uploads\/2026\/01\/sustentabilidade.webp","@id":"https:\/\/www.encontrabelem.com.br\/sobre\/sustentabilidade\/#mainImage","width":320,"height":280,"caption":"sustentabilidade"},"primaryImageOfPage":{"@id":"https:\/\/www.encontrabelem.com.br\/sobre\/sustentabilidade#mainImage"},"datePublished":"2026-01-05T12:03:46-03:00","dateModified":"2026-01-05T12:03:46-03:00"},{"@type":"WebSite","@id":"https:\/\/www.encontrabelem.com.br\/sobre\/#website","url":"https:\/\/www.encontrabelem.com.br\/sobre\/","name":"Encontra Bel\u00e9m","description":"Not\u00edcias, eventos, informa\u00e7\u00f5es e dicas na cidade Bel\u00e9m e regi\u00e3o.","inLanguage":"pt-BR","publisher":{"@id":"https:\/\/www.encontrabelem.com.br\/sobre\/#organization"}}]},"og:locale":"pt_BR","og:site_name":"Encontra Bel\u00e9m | Not\u00edcias, eventos, informa\u00e7\u00f5es e dicas na cidade Bel\u00e9m e regi\u00e3o.","og:type":"article","og:title":"SUSTENTABILIDADE | Encontra Bel\u00e9m","og:description":"Sustentabilidade \u00e9 o foco nas a\u00e7\u00f5es do munic\u00edpio durante reuni\u00e3o no CONACI.","og:url":"https:\/\/www.encontrabelem.com.br\/sobre\/sustentabilidade","article:published_time":"2026-01-05T15:03:46+00:00","article:modified_time":"2026-01-05T15:03:46+00:00","twitter:card":"summary","twitter:title":"SUSTENTABILIDADE | Encontra Bel\u00e9m","twitter:description":"Sustentabilidade \u00e9 o foco nas a\u00e7\u00f5es do munic\u00edpio durante reuni\u00e3o no CONACI."},"aioseo_meta_data":{"post_id":"1112","title":null,"description":null,"keywords":null,"keyphrases":null,"primary_term":null,"canonical_url":null,"og_title":null,"og_description":null,"og_object_type":"default","og_image_type":"default","og_image_url":null,"og_image_width":null,"og_image_height":null,"og_image_custom_url":null,"og_image_custom_fields":null,"og_video":null,"og_custom_url":null,"og_article_section":null,"og_article_tags":null,"twitter_use_og":false,"twitter_card":"default","twitter_image_type":"default","twitter_image_url":null,"twitter_image_custom_url":null,"twitter_image_custom_fields":null,"twitter_title":null,"twitter_description":null,"schema":{"blockGraphs":[],"customGraphs":[],"default":{"data":{"Article":[],"Course":[],"Dataset":[],"FAQPage":[],"Movie":[],"Person":[],"Product":[],"ProductReview":[],"Car":[],"Recipe":[],"Service":[],"SoftwareApplication":[],"WebPage":[]},"graphName":"Article","isEnabled":true},"graphs":[]},"schema_type":"default","schema_type_options":null,"pillar_content":false,"robots_default":true,"robots_noindex":false,"robots_noarchive":false,"robots_nosnippet":false,"robots_nofollow":false,"robots_noimageindex":false,"robots_noodp":false,"robots_notranslate":false,"robots_max_snippet":null,"robots_max_videopreview":null,"robots_max_imagepreview":"large","priority":null,"frequency":null,"local_seo":null,"breadcrumb_settings":null,"limit_modified_date":false,"ai":null,"created":"2026-01-05 15:03:50","updated":"2026-01-05 15:16:30","focus_keyword":null,"additional_keywords":null,"truseo_locale":null,"seo_analyzer_scan_date":null},"aioseo_breadcrumb":"<div class=\"aioseo-breadcrumbs\"><span class=\"aioseo-breadcrumb\">\n\t\t\t<a href=\"https:\/\/www.encontrabelem.com.br\/sobre\" title=\"In\u00edcio\">In\u00edcio<\/a>\n\t\t<\/span><span class=\"aioseo-breadcrumb-separator\">&raquo;<\/span><span class=\"aioseo-breadcrumb\">\n\t\t\t<a href=\"https:\/\/www.encontrabelem.com.br\/sobre\/noticias-em-belem\" title=\"Not\u00edcias Bel\u00e9m\">Not\u00edcias Bel\u00e9m<\/a>\n\t\t<\/span><span class=\"aioseo-breadcrumb-separator\">&raquo;<\/span><span class=\"aioseo-breadcrumb\">\n\t\t\tSUSTENTABILIDADE\n\t\t<\/span><\/div>","aioseo_breadcrumb_json":[{"label":"In\u00edcio","link":"https:\/\/www.encontrabelem.com.br\/sobre"},{"label":"Not\u00edcias Bel\u00e9m","link":"https:\/\/www.encontrabelem.com.br\/sobre\/noticias-em-belem"},{"label":"SUSTENTABILIDADE","link":"https:\/\/www.encontrabelem.com.br\/sobre\/sustentabilidade"}],"_links":{"self":[{"href":"https:\/\/www.encontrabelem.com.br\/sobre\/wp-json\/wp\/v2\/posts\/1112","targetHints":{"allow":["GET"]}}],"collection":[{"href":"https:\/\/www.encontrabelem.com.br\/sobre\/wp-json\/wp\/v2\/posts"}],"about":[{"href":"https:\/\/www.encontrabelem.com.br\/sobre\/wp-json\/wp\/v2\/types\/post"}],"author":[{"embeddable":true,"href":"https:\/\/www.encontrabelem.com.br\/sobre\/wp-json\/wp\/v2\/users\/1"}],"replies":[{"embeddable":true,"href":"https:\/\/www.encontrabelem.com.br\/sobre\/wp-json\/wp\/v2\/comments?post=1112"}],"version-history":[{"count":0,"href":"https:\/\/www.encontrabelem.com.br\/sobre\/wp-json\/wp\/v2\/posts\/1112\/revisions"}],"wp:featuredmedia":[{"embeddable":true,"href":"https:\/\/www.encontrabelem.com.br\/sobre\/wp-json\/wp\/v2\/media\/1111"}],"wp:attachment":[{"href":"https:\/\/www.encontrabelem.com.br\/sobre\/wp-json\/wp\/v2\/media?parent=1112"}],"wp:term":[{"taxonomy":"category","embeddable":true,"href":"https:\/\/www.encontrabelem.com.br\/sobre\/wp-json\/wp\/v2\/categories?post=1112"},{"taxonomy":"post_tag","embeddable":true,"href":"https:\/\/www.encontrabelem.com.br\/sobre\/wp-json\/wp\/v2\/tags?post=1112"}],"curies":[{"name":"wp","href":"https:\/\/api.w.org\/{rel}","templated":true}]}}