{"id":1106,"date":"2026-01-04T09:41:41","date_gmt":"2026-01-04T12:41:41","guid":{"rendered":"https:\/\/www.encontrabelem.com.br\/sobre\/em-belem-pa-iphan-apresenta-estudo-sobre-dinamicas-economicas-associadas-ao-cirio-de-nazare"},"modified":"2026-01-04T09:41:41","modified_gmt":"2026-01-04T12:41:41","slug":"em-belem-pa-iphan-apresenta-estudo-sobre-dinamicas-economicas-associadas-ao-cirio-de-nazare","status":"publish","type":"post","link":"https:\/\/www.encontrabelem.com.br\/sobre\/em-belem-pa-iphan-apresenta-estudo-sobre-dinamicas-economicas-associadas-ao-cirio-de-nazare","title":{"rendered":"Em Bel\u00e9m (PA), Iphan apresenta estudo sobre din\u00e2micas econ\u00f4micas associadas ao C\u00edrio de Nazar\u00e9"},"content":{"rendered":"<div class=\"b22802487b0d38c4c6d9f34966e16421\" data-index=\"1\" style=\"float: none; margin:0px;\">\n<!-- Anuncio display - global -->\r\n<ins class=\"adsbygoogle\"\r\n     style=\"display:block\"\r\n     data-ad-client=\"ca-pub-8585364105181520\"\r\n     data-ad-slot=\"8789329856\"\r\n     data-ad-format=\"auto\"\r\n     data-full-width-responsive=\"true\"><\/ins>\r\n<script>\r\n     (adsbygoogle = window.adsbygoogle || []).push({});\r\n<\/script>\n<\/div>\n<h2>Objetivos do Estudo<\/h2>\n<p>A pesquisa \u201cPatrim\u00f4nio Cultural, Economia e Sustentabilidade\u201d, apresentada pelo Instituto do Patrim\u00f4nio Hist\u00f3rico e Art\u00edstico Nacional (Iphan) em Bel\u00e9m, PA, tem como principal objetivo analisar as din\u00e2micas econ\u00f4micas associadas ao C\u00edrio de Nossa Senhora de Nazar\u00e9, um dos eventos mais emblem\u00e1ticos do Brasil e reconhecido pela UNESCO como Patrim\u00f4nio Cultural Imaterial da Humanidade. O estudo procura identificar como os bens culturais contribuem para a sustentabilidade das comunidades locais, oferecendo insights valiosos para futuras pol\u00edticas p\u00fablicas.<\/p>\n<p>Al\u00e9m disso, a pesquisa visa suprir a escassez de dados que envolvem a dimens\u00e3o econ\u00f4mica do patrim\u00f4nio cultural no Brasil. Isso \u00e9 fundamental para que possamos entender a relev\u00e2ncia dos bens culturais n\u00e3o apenas do ponto de vista social e hist\u00f3rico, mas tamb\u00e9m sob a \u00f3tica econ\u00f4mica. As informa\u00e7\u00f5es coletadas servir\u00e3o como base para formula\u00e7\u00f5es mais acertadas de pol\u00edticas que promovam o desenvolvimento sustent\u00e1vel em torno de eventos culturais como o C\u00edrio.<\/p>\n<h2>Resultados Preliminares<\/h2>\n<p>Durante o evento em Bel\u00e9m, foram apresentados resultados preliminares que revelaram a intensa movimenta\u00e7\u00e3o econ\u00f4mica que o C\u00edrio provoca na cidade. O levantamento apontou que h\u00e1 um aumento significativo no fluxo de turistas e na circulabilidade de recursos financeiros em diversas \u00e1reas, como com\u00e9rcio, servi\u00e7os e turismo. De acordo com a pesquisa, a festa mobiliza anualmente milhares de pessoas, o que n\u00e3o apenas valoriza o patrim\u00f4nio cultural, mas tamb\u00e9m promove oportunidades de trabalho para muitos habitantes da regi\u00e3o.<\/p>\n<p><img decoding=\"async\" src=\"https:\/\/www.encontrabelem.com.br\/sobre\/wp-content\/uploads\/2026\/01\/em-belem-pa-iphan-apresenta-estudo-sobre-dinamicas-economicas-associadas-ao-cirio-de-nazare.webp\" alt=\"din\u00e2micas econ\u00f4micas do C\u00edrio de Nazar\u00e9\" loading=\"lazy\" \/><\/p>\n<p>Os dados preliminares tamb\u00e9m revelaram que a maioria dos entrevistados valoriza o C\u00edrio como um evento que transcende a religiosidade, tornando-se um fator essencial para a coes\u00e3o social na cidade. Muitos locais informaram que, al\u00e9m do aspecto religioso, a festa traz consigo uma s\u00e9rie de benef\u00edcios econ\u00f4micos que afetam positivamente a economia local.<\/p>\n<h2>Import\u00e2ncia do C\u00edrio de Nazar\u00e9<\/h2>\n<p>O C\u00edrio de Nossa Senhora de Nazar\u00e9, celebrado anualmente em Bel\u00e9m, n\u00e3o \u00e9 apenas uma express\u00e3o religiosa; \u00e9 um evento que acompanha a cultura paraense e toca a vida de milhares de pessoas. Para muitos, esta festividade \u00e9 um per\u00edodo de renova\u00e7\u00e3o espiritual e tamb\u00e9m uma oportunidade de reunir a comunidade, refor\u00e7ando a identidade local.<\/p>\n<p>No entanto, a import\u00e2ncia do C\u00edrio se estende al\u00e9m do aspecto espiritual. A festividade gera uma for\u00e7a econ\u00f4mica significativa, contribuindo para o crescimento de pequenos e m\u00e9dios neg\u00f3cios, especialmente aqueles que dependem de turismo. Os comerciantes locais, os prestadores de servi\u00e7o e a rede de hospedagem s\u00e3o beneficiados diretamente, evidenciando que o C\u00edrio \u00e9 um evento que aporta n\u00e3o s\u00f3 f\u00e9, mas tamb\u00e9m prosperidade.<\/p>\n<h2>Impacto na Economia Local<\/h2>\n<p>O impacto na economia local \u00e9 ineg\u00e1vel e mensur\u00e1vel. Durante o C\u00edrio, a cidade de Bel\u00e9m se transforma em um centro vibrante de atividades comerciais. Estima-se que, para cada real investido no evento, h\u00e1 um retorno de tr\u00eas a cinco reais na economia local. Esse fen\u00f4meno \u00e9 impulsionado pelo aumento do fluxo de turistas, que buscam n\u00e3o apenas participar da festividade, mas tamb\u00e9m explorar a cultura e a gastronomia regionais.<\/p>\n<p>Os dados da pesquisa indicam tamb\u00e9m que a aloca\u00e7\u00e3o de recursos financeiros em servi\u00e7os, entretenimento e compras pessoais aumenta exponencialmente. Muitos neg\u00f3cios, que tradicionalmente enfrentam dificuldades durante o ano, encontram no C\u00edrio a oportunidade de revitaliza\u00e7\u00e3o. Informa\u00e7\u00f5es de vendedores ambulantes indicam que suas vendas durante a festividade superam, em m\u00e9dia, os lucros obtidos em seis meses convencionais.<\/p>\n<h2>Oficinas Formativas Oferecidas<\/h2>\n<p>Uma parte significativa do evento em Bel\u00e9m foi dedicada a oficinas formativas que trataram sobre a economia do patrim\u00f4nio cultural. Essas oficinas foram direcionadas a servidores, gestores, detentores e agentes do patrim\u00f4nio, proporcionando um espa\u00e7o para a troca de experi\u00eancias e a dissemina\u00e7\u00e3o de conhecimentos pr\u00e1ticos sobre como maximizar os benef\u00edcios econ\u00f4micos associados ao patrim\u00f4nio cultural.<\/p>\n<p>Os participantes aprendem n\u00e3o apenas sobre a import\u00e2ncia de preservar suas tradi\u00e7\u00f5es, mas tamb\u00e9m sobre a maneira como podem transformar essa rica cultura em uma fonte de renda. As oficinas enfocaram t\u00e9cnicas de empreendedorismo, estrat\u00e9gias de marketing para o setor cultural e maneiras de envolver mais a comunidade na valoriza\u00e7\u00e3o e promo\u00e7\u00e3o do patrim\u00f4nio.<\/p>\n<h2>Metodologia da Pesquisa<\/h2>\n<p>A metodologia da pesquisa foi desenvolvida de forma a garantir a coleta ampla e diversificada de dados. O estudo foi iniciado com um planejamento detalhado, planejando entrevistas, oficinas e visitas a campo nas cidades que participam do C\u00edrio. A equipe, composta por doze integrantes do Observat\u00f3rio da Economia Criativa da Universidade Federal do Rec\u00f4ncavo da Bahia (UFRB) e servidores do Iphan, gravou e analisou dados de diferentes fontes. <\/p>\n<p>Al\u00e9m da coleta de dados quantitativos, o estudo empregou abordagens qualitativas para aprofundar a compreens\u00e3o das intera\u00e7\u00f5es sociais que cercam o evento. Entrevistas com participantes, comerciantes e autoridades locais foram fundamentais para obter uma vis\u00e3o mais clara da din\u00e2mica que o C\u00edrio estabelece tanto na comunidade religiosa quanto na economia.<\/p>\n<h2>Cidades Participantes<\/h2>\n<p>O estudo abrangeu seis cidades, cada uma trazendo sua perspectiva e experi\u00eancias distintas com rela\u00e7\u00e3o ao C\u00edrio de Nossa Senhora de Nazar\u00e9. Apartir de Bel\u00e9m, as cidades de Salvador, Fortaleza, S\u00e3o Lu\u00eds, S\u00e3o Crist\u00f3v\u00e3o e Cachoeira foram partes integrantes do roteiro da pesquisa.<\/p>\n<p>Cada cidade apresentou caracter\u00edsticas culturais e econ\u00f4micas variadas, proporcionando uma vis\u00e3o mais ampla sobre como festividades tradicionais podem impactar diferentes realidades e essa diversidade enriqueceu o estudo, permitindo compara\u00e7\u00e3o entre as pr\u00e1ticas de preserva\u00e7\u00e3o e valoriza\u00e7\u00e3o do patrim\u00f4nio cultural em contextos distintos.<\/p>\n<h2>Colabora\u00e7\u00e3o com Universidades<\/h2>\n<p>A parceria do Iphan com a Universidade Federal do Rec\u00f4ncavo da Bahia (UFRB) \u00e9 um \u00f3timo exemplo do envolvimento de institui\u00e7\u00f5es acad\u00eamicas no desenvolvimento de estudos relevantes sobre a cultura brasileira. Essa colabora\u00e7\u00e3o proporcionou um suporte te\u00f3rico s\u00f3lido e tamb\u00e9m a forma\u00e7\u00e3o de equipes com habilidades complementares, facilitando a an\u00e1lise de dados e a investiga\u00e7\u00e3o aprofundada.<\/p>\n<p>Al\u00e9m disso, a sinergia entre o conhecimento acad\u00eamico e a pr\u00e1tica cultural local permitiu que o projeto se tornasse mais eficaz e direcionado. Os estudantes e professores da UFRB tiveram a oportunidade de participar diretamente das atividades, o que n\u00e3o apenas enriqueceu a forma\u00e7\u00e3o acad\u00eamica, mas tamb\u00e9m gerou um v\u00ednculo mais forte entre a academia e a comunidade local.<\/p>\n<h2>Visibilidade do Patrim\u00f4nio Cultural<\/h2>\n<p>Temas como a visibilidade e a promo\u00e7\u00e3o do patrim\u00f4nio cultural s\u00e3o centrais na pesquisa, pois a valoriza\u00e7\u00e3o de bens culturais, como o C\u00edrio de Nazar\u00e9, n\u00e3o s\u00f3 proporciona conhecimento e entretenimento, mas tamb\u00e9m inspira respeito e orgulho entre os cidad\u00e3os e visitantes. A pesquisa reconhece que a visibilidade do patrim\u00f4nio \u00e9 crucial para a sua preserva\u00e7\u00e3o.<\/p>\n<p>Uma maior visibilidade pode levar a um aumento no interesse por parte de turistas e estudiosos, ao mesmo tempo em que promove uma valoriza\u00e7\u00e3o mais profunda entre as comunidades locais. Projetos educativos e culturais t\u00eam o potencial de gerar um entendimento mais introspectivo do que esses eventos significam para a identidade e cultura de um povo.<\/p>\n<h2>Futuras A\u00e7\u00f5es e Estudos<\/h2>\n<p>Com base nos resultados obtidos, o Iphan pretende continuar suas iniciativas de pesquisa e forma\u00e7\u00e3o. A cria\u00e7\u00e3o de um banco de dados acess\u00edvel sobre as din\u00e2micas econ\u00f4micas e sociais associadas ao patrim\u00f4nio cultural est\u00e1 entre as prioridades. Este banco ser\u00e1 uma ferramenta essencial para pesquisadores, gestores e cidad\u00e3os interessados em melhorar as condi\u00e7\u00f5es econ\u00f4micas associadas aos patrim\u00f4nios culturais na sociedade brasileira.<\/p>\n<p>O Iphan tamb\u00e9m planeja realizar mais oficinas e eventos similares, incentivando o di\u00e1logo entre diferentes p\u00fablicos, desde acad\u00eamicos a representantes de comunidades. A expectativa \u00e9 que esses estudos influenciem diretamente as pol\u00edticas p\u00fablicas, refor\u00e7ando a import\u00e2ncia do patrim\u00f4nio cultural como um \u00e2ngulo do desenvolvimento econ\u00f4mico e social no Brasil.<\/p>\n\n<div style=\"font-size: 0px; height: 0px; line-height: 0px; margin: 0; padding: 0; clear: both;\"><\/div>","protected":false},"excerpt":{"rendered":"<p>Estudo do Iphan revela a economia do C\u00edrio de Nazar\u00e9.<\/p>\n","protected":false},"author":1,"featured_media":1105,"comment_status":"open","ping_status":"closed","sticky":false,"template":"","format":"standard","meta":{"footnotes":""},"categories":[1],"tags":[],"class_list":["post-1106","post","type-post","status-publish","format-standard","has-post-thumbnail","hentry","category-noticias-em-belem","has_thumb"],"aioseo_notices":[],"aioseo_head":"\n\t\t<!-- All in One SEO 5.0.0.1 - aioseo.com -->\n\t<meta name=\"description\" content=\"Estudo do Iphan revela a economia do C\u00edrio de Nazar\u00e9.\" \/>\n\t<meta name=\"robots\" content=\"max-image-preview:large\" \/>\n\t<meta name=\"author\" content=\"Encontra Bel\u00e9m\"\/>\n\t<link rel=\"canonical\" href=\"https:\/\/www.encontrabelem.com.br\/sobre\/em-belem-pa-iphan-apresenta-estudo-sobre-dinamicas-economicas-associadas-ao-cirio-de-nazare\" \/>\n\t<meta name=\"generator\" content=\"All in One SEO (AIOSEO) 5.0.0.1\" \/>\n\t\t<meta property=\"og:locale\" content=\"pt_BR\" \/>\n\t\t<meta property=\"og:site_name\" content=\"Encontra Bel\u00e9m | Not\u00edcias, eventos, informa\u00e7\u00f5es e dicas na cidade Bel\u00e9m e regi\u00e3o.\" \/>\n\t\t<meta property=\"og:type\" content=\"article\" \/>\n\t\t<meta property=\"og:title\" content=\"Em Bel\u00e9m (PA), Iphan apresenta estudo sobre din\u00e2micas econ\u00f4micas associadas ao C\u00edrio de Nazar\u00e9 | Encontra Bel\u00e9m\" \/>\n\t\t<meta property=\"og:description\" content=\"Estudo do Iphan revela a economia do C\u00edrio de Nazar\u00e9.\" \/>\n\t\t<meta property=\"og:url\" content=\"https:\/\/www.encontrabelem.com.br\/sobre\/em-belem-pa-iphan-apresenta-estudo-sobre-dinamicas-economicas-associadas-ao-cirio-de-nazare\" \/>\n\t\t<meta property=\"article:published_time\" content=\"2026-01-04T12:41:41+00:00\" \/>\n\t\t<meta property=\"article:modified_time\" content=\"2026-01-04T12:41:41+00:00\" \/>\n\t\t<meta name=\"twitter:card\" content=\"summary\" \/>\n\t\t<meta name=\"twitter:title\" content=\"Em Bel\u00e9m (PA), Iphan apresenta estudo sobre din\u00e2micas econ\u00f4micas associadas ao C\u00edrio de Nazar\u00e9 | Encontra Bel\u00e9m\" \/>\n\t\t<meta name=\"twitter:description\" content=\"Estudo do Iphan revela a economia do C\u00edrio de Nazar\u00e9.\" \/>\n\t\t<script type=\"application\/ld+json\" class=\"aioseo-schema\">\n\t\t\t{\"@context\":\"https:\\\/\\\/schema.org\",\"@graph\":[{\"@type\":\"Article\",\"@id\":\"https:\\\/\\\/www.encontrabelem.com.br\\\/sobre\\\/em-belem-pa-iphan-apresenta-estudo-sobre-dinamicas-economicas-associadas-ao-cirio-de-nazare#article\",\"name\":\"Em Bel\\u00e9m (PA), Iphan apresenta estudo sobre din\\u00e2micas econ\\u00f4micas associadas ao C\\u00edrio de Nazar\\u00e9 | Encontra Bel\\u00e9m\",\"headline\":\"Em Bel\\u00e9m (PA), Iphan apresenta estudo sobre din\\u00e2micas econ\\u00f4micas associadas ao C\\u00edrio de Nazar\\u00e9\",\"author\":{\"@id\":\"https:\\\/\\\/www.encontrabelem.com.br\\\/sobre\\\/author\\\/ebelem#author\"},\"publisher\":{\"@id\":\"https:\\\/\\\/www.encontrabelem.com.br\\\/sobre\\\/#organization\"},\"image\":{\"@type\":\"ImageObject\",\"url\":\"https:\\\/\\\/www.encontrabelem.com.br\\\/sobre\\\/wp-content\\\/uploads\\\/2026\\\/01\\\/em-belem-pa-iphan-apresenta-estudo-sobre-dinamicas-economicas-associadas-ao-cirio-de-nazare.webp\",\"width\":320,\"height\":280,\"caption\":\"din\\u00e2micas econ\\u00f4micas do C\\u00edrio de Nazar\\u00e9\"},\"datePublished\":\"2026-01-04T09:41:41-03:00\",\"dateModified\":\"2026-01-04T09:41:41-03:00\",\"inLanguage\":\"pt-BR\",\"mainEntityOfPage\":{\"@id\":\"https:\\\/\\\/www.encontrabelem.com.br\\\/sobre\\\/em-belem-pa-iphan-apresenta-estudo-sobre-dinamicas-economicas-associadas-ao-cirio-de-nazare#webpage\"},\"isPartOf\":{\"@id\":\"https:\\\/\\\/www.encontrabelem.com.br\\\/sobre\\\/em-belem-pa-iphan-apresenta-estudo-sobre-dinamicas-economicas-associadas-ao-cirio-de-nazare#webpage\"},\"articleSection\":\"Not\\u00edcias Bel\\u00e9m\"},{\"@type\":\"BreadcrumbList\",\"@id\":\"https:\\\/\\\/www.encontrabelem.com.br\\\/sobre\\\/em-belem-pa-iphan-apresenta-estudo-sobre-dinamicas-economicas-associadas-ao-cirio-de-nazare#breadcrumblist\",\"itemListElement\":[{\"@type\":\"ListItem\",\"@id\":\"https:\\\/\\\/www.encontrabelem.com.br\\\/sobre#listItem\",\"position\":1,\"name\":\"In\\u00edcio\",\"item\":\"https:\\\/\\\/www.encontrabelem.com.br\\\/sobre\",\"nextItem\":{\"@type\":\"ListItem\",\"@id\":\"https:\\\/\\\/www.encontrabelem.com.br\\\/sobre\\\/noticias-em-belem#listItem\",\"name\":\"Not\\u00edcias Bel\\u00e9m\"}},{\"@type\":\"ListItem\",\"@id\":\"https:\\\/\\\/www.encontrabelem.com.br\\\/sobre\\\/noticias-em-belem#listItem\",\"position\":2,\"name\":\"Not\\u00edcias Bel\\u00e9m\",\"item\":\"https:\\\/\\\/www.encontrabelem.com.br\\\/sobre\\\/noticias-em-belem\",\"nextItem\":{\"@type\":\"ListItem\",\"@id\":\"https:\\\/\\\/www.encontrabelem.com.br\\\/sobre\\\/em-belem-pa-iphan-apresenta-estudo-sobre-dinamicas-economicas-associadas-ao-cirio-de-nazare#listItem\",\"name\":\"Em Bel\\u00e9m (PA), Iphan apresenta estudo sobre din\\u00e2micas econ\\u00f4micas associadas ao C\\u00edrio de Nazar\\u00e9\"},\"previousItem\":{\"@type\":\"ListItem\",\"@id\":\"https:\\\/\\\/www.encontrabelem.com.br\\\/sobre#listItem\",\"name\":\"In\\u00edcio\"}},{\"@type\":\"ListItem\",\"@id\":\"https:\\\/\\\/www.encontrabelem.com.br\\\/sobre\\\/em-belem-pa-iphan-apresenta-estudo-sobre-dinamicas-economicas-associadas-ao-cirio-de-nazare#listItem\",\"position\":3,\"name\":\"Em Bel\\u00e9m (PA), Iphan apresenta estudo sobre din\\u00e2micas econ\\u00f4micas associadas ao C\\u00edrio de Nazar\\u00e9\",\"previousItem\":{\"@type\":\"ListItem\",\"@id\":\"https:\\\/\\\/www.encontrabelem.com.br\\\/sobre\\\/noticias-em-belem#listItem\",\"name\":\"Not\\u00edcias Bel\\u00e9m\"}}]},{\"@type\":\"Organization\",\"@id\":\"https:\\\/\\\/www.encontrabelem.com.br\\\/sobre\\\/#organization\",\"name\":\"Encontra Bel\\u00e9m\",\"description\":\"Not\\u00edcias, eventos, informa\\u00e7\\u00f5es e dicas na cidade Bel\\u00e9m e regi\\u00e3o.\",\"url\":\"https:\\\/\\\/www.encontrabelem.com.br\\\/sobre\\\/\"},{\"@type\":\"Person\",\"@id\":\"https:\\\/\\\/www.encontrabelem.com.br\\\/sobre\\\/author\\\/ebelem#author\",\"url\":\"https:\\\/\\\/www.encontrabelem.com.br\\\/sobre\\\/author\\\/ebelem\",\"name\":\"Encontra Bel\\u00e9m\",\"image\":{\"@type\":\"ImageObject\",\"@id\":\"https:\\\/\\\/www.encontrabelem.com.br\\\/sobre\\\/em-belem-pa-iphan-apresenta-estudo-sobre-dinamicas-economicas-associadas-ao-cirio-de-nazare#authorImage\",\"url\":\"https:\\\/\\\/secure.gravatar.com\\\/avatar\\\/507340682b8270222e1f208e23198b6ae7e2c6a1033ae84e99bc6bce4f82a387?s=96&d=mm&r=g\",\"width\":96,\"height\":96,\"caption\":\"Encontra Bel\\u00e9m\"}},{\"@type\":\"WebPage\",\"@id\":\"https:\\\/\\\/www.encontrabelem.com.br\\\/sobre\\\/em-belem-pa-iphan-apresenta-estudo-sobre-dinamicas-economicas-associadas-ao-cirio-de-nazare#webpage\",\"url\":\"https:\\\/\\\/www.encontrabelem.com.br\\\/sobre\\\/em-belem-pa-iphan-apresenta-estudo-sobre-dinamicas-economicas-associadas-ao-cirio-de-nazare\",\"name\":\"Em Bel\\u00e9m (PA), Iphan apresenta estudo sobre din\\u00e2micas econ\\u00f4micas associadas ao C\\u00edrio de Nazar\\u00e9 | Encontra Bel\\u00e9m\",\"description\":\"Estudo do Iphan revela a economia do C\\u00edrio de Nazar\\u00e9.\",\"inLanguage\":\"pt-BR\",\"isPartOf\":{\"@id\":\"https:\\\/\\\/www.encontrabelem.com.br\\\/sobre\\\/#website\"},\"breadcrumb\":{\"@id\":\"https:\\\/\\\/www.encontrabelem.com.br\\\/sobre\\\/em-belem-pa-iphan-apresenta-estudo-sobre-dinamicas-economicas-associadas-ao-cirio-de-nazare#breadcrumblist\"},\"author\":{\"@id\":\"https:\\\/\\\/www.encontrabelem.com.br\\\/sobre\\\/author\\\/ebelem#author\"},\"creator\":{\"@id\":\"https:\\\/\\\/www.encontrabelem.com.br\\\/sobre\\\/author\\\/ebelem#author\"},\"image\":{\"@type\":\"ImageObject\",\"url\":\"https:\\\/\\\/www.encontrabelem.com.br\\\/sobre\\\/wp-content\\\/uploads\\\/2026\\\/01\\\/em-belem-pa-iphan-apresenta-estudo-sobre-dinamicas-economicas-associadas-ao-cirio-de-nazare.webp\",\"@id\":\"https:\\\/\\\/www.encontrabelem.com.br\\\/sobre\\\/em-belem-pa-iphan-apresenta-estudo-sobre-dinamicas-economicas-associadas-ao-cirio-de-nazare\\\/#mainImage\",\"width\":320,\"height\":280,\"caption\":\"din\\u00e2micas econ\\u00f4micas do C\\u00edrio de Nazar\\u00e9\"},\"primaryImageOfPage\":{\"@id\":\"https:\\\/\\\/www.encontrabelem.com.br\\\/sobre\\\/em-belem-pa-iphan-apresenta-estudo-sobre-dinamicas-economicas-associadas-ao-cirio-de-nazare#mainImage\"},\"datePublished\":\"2026-01-04T09:41:41-03:00\",\"dateModified\":\"2026-01-04T09:41:41-03:00\"},{\"@type\":\"WebSite\",\"@id\":\"https:\\\/\\\/www.encontrabelem.com.br\\\/sobre\\\/#website\",\"url\":\"https:\\\/\\\/www.encontrabelem.com.br\\\/sobre\\\/\",\"name\":\"Encontra Bel\\u00e9m\",\"description\":\"Not\\u00edcias, eventos, informa\\u00e7\\u00f5es e dicas na cidade Bel\\u00e9m e regi\\u00e3o.\",\"inLanguage\":\"pt-BR\",\"publisher\":{\"@id\":\"https:\\\/\\\/www.encontrabelem.com.br\\\/sobre\\\/#organization\"}}]}\n\t\t<\/script>\n\t\t<!-- All in One SEO -->\n\n","aioseo_head_json":{"title":"Em Bel\u00e9m (PA), Iphan apresenta estudo sobre din\u00e2micas econ\u00f4micas associadas ao C\u00edrio de Nazar\u00e9 | Encontra Bel\u00e9m","description":"Estudo do Iphan revela a economia do C\u00edrio de Nazar\u00e9.","canonical_url":"https:\/\/www.encontrabelem.com.br\/sobre\/em-belem-pa-iphan-apresenta-estudo-sobre-dinamicas-economicas-associadas-ao-cirio-de-nazare","robots":"max-image-preview:large","keywords":"","webmasterTools":{"miscellaneous":""},"schema":{"@context":"https:\/\/schema.org","@graph":[{"@type":"Article","@id":"https:\/\/www.encontrabelem.com.br\/sobre\/em-belem-pa-iphan-apresenta-estudo-sobre-dinamicas-economicas-associadas-ao-cirio-de-nazare#article","name":"Em Bel\u00e9m (PA), Iphan apresenta estudo sobre din\u00e2micas econ\u00f4micas associadas ao C\u00edrio de Nazar\u00e9 | Encontra Bel\u00e9m","headline":"Em Bel\u00e9m (PA), Iphan apresenta estudo sobre din\u00e2micas econ\u00f4micas associadas ao C\u00edrio de Nazar\u00e9","author":{"@id":"https:\/\/www.encontrabelem.com.br\/sobre\/author\/ebelem#author"},"publisher":{"@id":"https:\/\/www.encontrabelem.com.br\/sobre\/#organization"},"image":{"@type":"ImageObject","url":"https:\/\/www.encontrabelem.com.br\/sobre\/wp-content\/uploads\/2026\/01\/em-belem-pa-iphan-apresenta-estudo-sobre-dinamicas-economicas-associadas-ao-cirio-de-nazare.webp","width":320,"height":280,"caption":"din\u00e2micas econ\u00f4micas do C\u00edrio de Nazar\u00e9"},"datePublished":"2026-01-04T09:41:41-03:00","dateModified":"2026-01-04T09:41:41-03:00","inLanguage":"pt-BR","mainEntityOfPage":{"@id":"https:\/\/www.encontrabelem.com.br\/sobre\/em-belem-pa-iphan-apresenta-estudo-sobre-dinamicas-economicas-associadas-ao-cirio-de-nazare#webpage"},"isPartOf":{"@id":"https:\/\/www.encontrabelem.com.br\/sobre\/em-belem-pa-iphan-apresenta-estudo-sobre-dinamicas-economicas-associadas-ao-cirio-de-nazare#webpage"},"articleSection":"Not\u00edcias Bel\u00e9m"},{"@type":"BreadcrumbList","@id":"https:\/\/www.encontrabelem.com.br\/sobre\/em-belem-pa-iphan-apresenta-estudo-sobre-dinamicas-economicas-associadas-ao-cirio-de-nazare#breadcrumblist","itemListElement":[{"@type":"ListItem","@id":"https:\/\/www.encontrabelem.com.br\/sobre#listItem","position":1,"name":"In\u00edcio","item":"https:\/\/www.encontrabelem.com.br\/sobre","nextItem":{"@type":"ListItem","@id":"https:\/\/www.encontrabelem.com.br\/sobre\/noticias-em-belem#listItem","name":"Not\u00edcias Bel\u00e9m"}},{"@type":"ListItem","@id":"https:\/\/www.encontrabelem.com.br\/sobre\/noticias-em-belem#listItem","position":2,"name":"Not\u00edcias Bel\u00e9m","item":"https:\/\/www.encontrabelem.com.br\/sobre\/noticias-em-belem","nextItem":{"@type":"ListItem","@id":"https:\/\/www.encontrabelem.com.br\/sobre\/em-belem-pa-iphan-apresenta-estudo-sobre-dinamicas-economicas-associadas-ao-cirio-de-nazare#listItem","name":"Em Bel\u00e9m (PA), Iphan apresenta estudo sobre din\u00e2micas econ\u00f4micas associadas ao C\u00edrio de Nazar\u00e9"},"previousItem":{"@type":"ListItem","@id":"https:\/\/www.encontrabelem.com.br\/sobre#listItem","name":"In\u00edcio"}},{"@type":"ListItem","@id":"https:\/\/www.encontrabelem.com.br\/sobre\/em-belem-pa-iphan-apresenta-estudo-sobre-dinamicas-economicas-associadas-ao-cirio-de-nazare#listItem","position":3,"name":"Em Bel\u00e9m (PA), Iphan apresenta estudo sobre din\u00e2micas econ\u00f4micas associadas ao C\u00edrio de Nazar\u00e9","previousItem":{"@type":"ListItem","@id":"https:\/\/www.encontrabelem.com.br\/sobre\/noticias-em-belem#listItem","name":"Not\u00edcias Bel\u00e9m"}}]},{"@type":"Organization","@id":"https:\/\/www.encontrabelem.com.br\/sobre\/#organization","name":"Encontra Bel\u00e9m","description":"Not\u00edcias, eventos, informa\u00e7\u00f5es e dicas na cidade Bel\u00e9m e regi\u00e3o.","url":"https:\/\/www.encontrabelem.com.br\/sobre\/"},{"@type":"Person","@id":"https:\/\/www.encontrabelem.com.br\/sobre\/author\/ebelem#author","url":"https:\/\/www.encontrabelem.com.br\/sobre\/author\/ebelem","name":"Encontra Bel\u00e9m","image":{"@type":"ImageObject","@id":"https:\/\/www.encontrabelem.com.br\/sobre\/em-belem-pa-iphan-apresenta-estudo-sobre-dinamicas-economicas-associadas-ao-cirio-de-nazare#authorImage","url":"https:\/\/secure.gravatar.com\/avatar\/507340682b8270222e1f208e23198b6ae7e2c6a1033ae84e99bc6bce4f82a387?s=96&d=mm&r=g","width":96,"height":96,"caption":"Encontra Bel\u00e9m"}},{"@type":"WebPage","@id":"https:\/\/www.encontrabelem.com.br\/sobre\/em-belem-pa-iphan-apresenta-estudo-sobre-dinamicas-economicas-associadas-ao-cirio-de-nazare#webpage","url":"https:\/\/www.encontrabelem.com.br\/sobre\/em-belem-pa-iphan-apresenta-estudo-sobre-dinamicas-economicas-associadas-ao-cirio-de-nazare","name":"Em Bel\u00e9m (PA), Iphan apresenta estudo sobre din\u00e2micas econ\u00f4micas associadas ao C\u00edrio de Nazar\u00e9 | Encontra Bel\u00e9m","description":"Estudo do Iphan revela a economia do C\u00edrio de Nazar\u00e9.","inLanguage":"pt-BR","isPartOf":{"@id":"https:\/\/www.encontrabelem.com.br\/sobre\/#website"},"breadcrumb":{"@id":"https:\/\/www.encontrabelem.com.br\/sobre\/em-belem-pa-iphan-apresenta-estudo-sobre-dinamicas-economicas-associadas-ao-cirio-de-nazare#breadcrumblist"},"author":{"@id":"https:\/\/www.encontrabelem.com.br\/sobre\/author\/ebelem#author"},"creator":{"@id":"https:\/\/www.encontrabelem.com.br\/sobre\/author\/ebelem#author"},"image":{"@type":"ImageObject","url":"https:\/\/www.encontrabelem.com.br\/sobre\/wp-content\/uploads\/2026\/01\/em-belem-pa-iphan-apresenta-estudo-sobre-dinamicas-economicas-associadas-ao-cirio-de-nazare.webp","@id":"https:\/\/www.encontrabelem.com.br\/sobre\/em-belem-pa-iphan-apresenta-estudo-sobre-dinamicas-economicas-associadas-ao-cirio-de-nazare\/#mainImage","width":320,"height":280,"caption":"din\u00e2micas econ\u00f4micas do C\u00edrio de Nazar\u00e9"},"primaryImageOfPage":{"@id":"https:\/\/www.encontrabelem.com.br\/sobre\/em-belem-pa-iphan-apresenta-estudo-sobre-dinamicas-economicas-associadas-ao-cirio-de-nazare#mainImage"},"datePublished":"2026-01-04T09:41:41-03:00","dateModified":"2026-01-04T09:41:41-03:00"},{"@type":"WebSite","@id":"https:\/\/www.encontrabelem.com.br\/sobre\/#website","url":"https:\/\/www.encontrabelem.com.br\/sobre\/","name":"Encontra Bel\u00e9m","description":"Not\u00edcias, eventos, informa\u00e7\u00f5es e dicas na cidade Bel\u00e9m e regi\u00e3o.","inLanguage":"pt-BR","publisher":{"@id":"https:\/\/www.encontrabelem.com.br\/sobre\/#organization"}}]},"og:locale":"pt_BR","og:site_name":"Encontra Bel\u00e9m | Not\u00edcias, eventos, informa\u00e7\u00f5es e dicas na cidade Bel\u00e9m e regi\u00e3o.","og:type":"article","og:title":"Em Bel\u00e9m (PA), Iphan apresenta estudo sobre din\u00e2micas econ\u00f4micas associadas ao C\u00edrio de Nazar\u00e9 | Encontra Bel\u00e9m","og:description":"Estudo do Iphan revela a economia do C\u00edrio de Nazar\u00e9.","og:url":"https:\/\/www.encontrabelem.com.br\/sobre\/em-belem-pa-iphan-apresenta-estudo-sobre-dinamicas-economicas-associadas-ao-cirio-de-nazare","article:published_time":"2026-01-04T12:41:41+00:00","article:modified_time":"2026-01-04T12:41:41+00:00","twitter:card":"summary","twitter:title":"Em Bel\u00e9m (PA), Iphan apresenta estudo sobre din\u00e2micas econ\u00f4micas associadas ao C\u00edrio de Nazar\u00e9 | Encontra Bel\u00e9m","twitter:description":"Estudo do Iphan revela a economia do C\u00edrio de Nazar\u00e9."},"aioseo_meta_data":{"post_id":"1106","title":null,"description":null,"keywords":null,"keyphrases":null,"primary_term":null,"canonical_url":null,"og_title":null,"og_description":null,"og_object_type":"default","og_image_type":"default","og_image_url":null,"og_image_width":null,"og_image_height":null,"og_image_custom_url":null,"og_image_custom_fields":null,"og_video":null,"og_custom_url":null,"og_article_section":null,"og_article_tags":null,"twitter_use_og":false,"twitter_card":"default","twitter_image_type":"default","twitter_image_url":null,"twitter_image_custom_url":null,"twitter_image_custom_fields":null,"twitter_title":null,"twitter_description":null,"schema":{"blockGraphs":[],"customGraphs":[],"default":{"data":{"Article":[],"Course":[],"Dataset":[],"FAQPage":[],"Movie":[],"Person":[],"Product":[],"ProductReview":[],"Car":[],"Recipe":[],"Service":[],"SoftwareApplication":[],"WebPage":[]},"graphName":"Article","isEnabled":true},"graphs":[]},"schema_type":"default","schema_type_options":null,"pillar_content":false,"robots_default":true,"robots_noindex":false,"robots_noarchive":false,"robots_nosnippet":false,"robots_nofollow":false,"robots_noimageindex":false,"robots_noodp":false,"robots_notranslate":false,"robots_max_snippet":null,"robots_max_videopreview":null,"robots_max_imagepreview":"large","priority":null,"frequency":null,"local_seo":null,"breadcrumb_settings":null,"limit_modified_date":false,"ai":null,"created":"2026-01-04 12:41:44","updated":"2026-01-04 13:59:28","focus_keyword":null,"additional_keywords":null,"truseo_locale":null,"seo_analyzer_scan_date":null},"aioseo_breadcrumb":"<div class=\"aioseo-breadcrumbs\"><span class=\"aioseo-breadcrumb\">\n\t\t\t<a href=\"https:\/\/www.encontrabelem.com.br\/sobre\" title=\"In\u00edcio\">In\u00edcio<\/a>\n\t\t<\/span><span class=\"aioseo-breadcrumb-separator\">&raquo;<\/span><span class=\"aioseo-breadcrumb\">\n\t\t\t<a href=\"https:\/\/www.encontrabelem.com.br\/sobre\/noticias-em-belem\" title=\"Not\u00edcias Bel\u00e9m\">Not\u00edcias Bel\u00e9m<\/a>\n\t\t<\/span><span class=\"aioseo-breadcrumb-separator\">&raquo;<\/span><span class=\"aioseo-breadcrumb\">\n\t\t\tEm Bel\u00e9m (PA), Iphan apresenta estudo sobre din\u00e2micas econ\u00f4micas associadas ao C\u00edrio de Nazar\u00e9\n\t\t<\/span><\/div>","aioseo_breadcrumb_json":[{"label":"In\u00edcio","link":"https:\/\/www.encontrabelem.com.br\/sobre"},{"label":"Not\u00edcias Bel\u00e9m","link":"https:\/\/www.encontrabelem.com.br\/sobre\/noticias-em-belem"},{"label":"Em Bel\u00e9m (PA), Iphan apresenta estudo sobre din\u00e2micas econ\u00f4micas associadas ao C\u00edrio de Nazar\u00e9","link":"https:\/\/www.encontrabelem.com.br\/sobre\/em-belem-pa-iphan-apresenta-estudo-sobre-dinamicas-economicas-associadas-ao-cirio-de-nazare"}],"_links":{"self":[{"href":"https:\/\/www.encontrabelem.com.br\/sobre\/wp-json\/wp\/v2\/posts\/1106","targetHints":{"allow":["GET"]}}],"collection":[{"href":"https:\/\/www.encontrabelem.com.br\/sobre\/wp-json\/wp\/v2\/posts"}],"about":[{"href":"https:\/\/www.encontrabelem.com.br\/sobre\/wp-json\/wp\/v2\/types\/post"}],"author":[{"embeddable":true,"href":"https:\/\/www.encontrabelem.com.br\/sobre\/wp-json\/wp\/v2\/users\/1"}],"replies":[{"embeddable":true,"href":"https:\/\/www.encontrabelem.com.br\/sobre\/wp-json\/wp\/v2\/comments?post=1106"}],"version-history":[{"count":0,"href":"https:\/\/www.encontrabelem.com.br\/sobre\/wp-json\/wp\/v2\/posts\/1106\/revisions"}],"wp:featuredmedia":[{"embeddable":true,"href":"https:\/\/www.encontrabelem.com.br\/sobre\/wp-json\/wp\/v2\/media\/1105"}],"wp:attachment":[{"href":"https:\/\/www.encontrabelem.com.br\/sobre\/wp-json\/wp\/v2\/media?parent=1106"}],"wp:term":[{"taxonomy":"category","embeddable":true,"href":"https:\/\/www.encontrabelem.com.br\/sobre\/wp-json\/wp\/v2\/categories?post=1106"},{"taxonomy":"post_tag","embeddable":true,"href":"https:\/\/www.encontrabelem.com.br\/sobre\/wp-json\/wp\/v2\/tags?post=1106"}],"curies":[{"name":"wp","href":"https:\/\/api.w.org\/{rel}","templated":true}]}}