{"id":1088,"date":"2025-12-27T09:44:00","date_gmt":"2025-12-27T12:44:00","guid":{"rendered":"https:\/\/www.encontrabelem.com.br\/sobre\/belem-brega-festival-2025-tera-quase-50-atracoes-neste-final-de-semana-em-belem-pa"},"modified":"2025-12-27T09:44:00","modified_gmt":"2025-12-27T12:44:00","slug":"belem-brega-festival-2025-tera-quase-50-atracoes-neste-final-de-semana-em-belem-pa","status":"publish","type":"post","link":"https:\/\/www.encontrabelem.com.br\/sobre\/belem-brega-festival-2025-tera-quase-50-atracoes-neste-final-de-semana-em-belem-pa","title":{"rendered":"\u201cBel\u00e9m Brega Festival 2025\u201d ter\u00e1 quase 50 atra\u00e7\u00f5es neste final de semana em Bel\u00e9m (PA)"},"content":{"rendered":"<div class=\"b22802487b0d38c4c6d9f34966e16421\" data-index=\"1\" style=\"float: none; margin:0px;\">\n<!-- Anuncio display - global -->\r\n<ins class=\"adsbygoogle\"\r\n     style=\"display:block\"\r\n     data-ad-client=\"ca-pub-8585364105181520\"\r\n     data-ad-slot=\"8789329856\"\r\n     data-ad-format=\"auto\"\r\n     data-full-width-responsive=\"true\"><\/ins>\r\n<script>\r\n     (adsbygoogle = window.adsbygoogle || []).push({});\r\n<\/script>\n<\/div>\n<h2>O que Esperar do Bel\u00e9m Brega Festival 2025<\/h2>\n<p>O <strong>Bel\u00e9m Brega Festival 2025<\/strong> promete ser uma celebra\u00e7\u00e3o vibrante e cheia de energia, reunindo amantes da m\u00fasica brega e da cultura paraense em um evento que \u00e9 muito mais do que um simples festival. Ao longo de dois dias, o festival ser\u00e1 palco para uma rica diversidade musical, com performances de artistas renomados e talentos emergentes da cena paraense, proporcionando momentos \u00fanicos e inesquec\u00edveis para os participantes.<\/p>\n<p>O evento, que ocorrer\u00e1 no <strong>Portal da Amaz\u00f4nia<\/strong>, n\u00e3o apenas destacar\u00e1 o g\u00eanero musical brega, mas tamb\u00e9m envolver\u00e1 os visitantes em uma atmosfera de uni\u00e3o e celebra\u00e7\u00e3o cultural. Os expectadores podem esperar uma programa\u00e7\u00e3o recheada de apresenta\u00e7\u00f5es ao vivo, estandes com comidas t\u00edpicas, exposi\u00e7\u00f5es de arte e atividades interativas que visam promover a cultura local. <\/p>\n<p>Al\u00e9m disso, a presen\u00e7a de artistas de renome nacional, como Joelma, traz um apelo especial, elevando ainda mais a expectativa do p\u00fablico. O festival solidifica sua posi\u00e7\u00e3o como um ponto de encontro para aqueles que buscam vivenciar a autenticidade da cultura amaz\u00f4nica.<\/p>\n<h2>As Atra\u00e7\u00f5es Confirmadas para o Evento<\/h2>\n<p>O <strong>Bel\u00e9m Brega Festival 2025<\/strong> contar\u00e1 com quase 50 atra\u00e7\u00f5es que representam a diversidade do g\u00eanero brega. Entre os artistas confirmados est\u00e3o<strong> cantores, bandas, e DJs<\/strong> que prometem animar o p\u00fablico com performances energ\u00e9ticas. A programa\u00e7\u00e3o inclui grandes nomes que j\u00e1 se tornaram sin\u00f4nimos do estilo musical, como a ic\u00f4nica <strong>Joelma<\/strong>, que ser\u00e1 uma das principais atra\u00e7\u00f5es do evento.<\/p>\n<p>O festival ser\u00e1 dividido em duas noites emocionantes, recheadas de m\u00fasica e apresenta\u00e7\u00f5es que v\u00e3o desde o tradicional brega at\u00e9 influ\u00eancias contempor\u00e2neas, garantindo que haja algo para todos os gostos. Os visitantes podem esperar shows de artistas que criam um ambiente de celebra\u00e7\u00e3o, festa e alegria, refletindo a ess\u00eancia vibrante do povo paraense.<\/p>\n<h2>Import\u00e2ncia Cultural do Brega em Bel\u00e9m<\/h2>\n<p>O brega \u00e9 mais do que um estilo musical; ele \u00e9 uma verdadeira express\u00e3o cultural que carrega a identidade do povo paraense. Este g\u00eanero musical, que surgiu nas ruas e nas festas populares, \u00e9 caracterizado por letras emocionantes e melodias cativantes, capturando hist\u00f3rias de amor, dor e alegria. A sua popularidade cresceu n\u00e3o apenas em Bel\u00e9m, mas em todo o Brasil, reconhecendo-o como um patrim\u00f4nio cultural que merece ser celebrado.<\/p>\n<p>O reconhecimento de <strong>Bel\u00e9m como a Capital Mundial do Brega<\/strong>, t\u00edtulo concedido pela <strong>ONU Turismo<\/strong>, \u00e9 um reflexo do impacto que essa m\u00fasica tem na cultura local. O festival ajuda a refor\u00e7ar a import\u00e2ncia do brega como uma forma de arte que conecta gera\u00e7\u00f5es e serve como uma plataforma para novos artistas emergirem na cena nacional. O evento tamb\u00e9m \u00e9 um testemunho do orgulho cultural do povo paraense, que se identifica com a autenticidade e as narrativas contadas atrav\u00e9s dessa m\u00fasica.<\/p>\n<h2>Como o Evento Contribui para o Turismo Local<\/h2>\n<p>O <strong>Bel\u00e9m Brega Festival 2025<\/strong> desempenha um papel fundamental na promo\u00e7\u00e3o do turismo em Bel\u00e9m, atraindo visitantes de diversas partes do pa\u00eds e do mundo. O evento se torna uma vitrine para a cultura local, promovendo a cidade como um destino tur\u00edstico atrav\u00e9s da m\u00fasica e das festividades. As pessoas que participam do festival n\u00e3o apenas desfrutam das apresenta\u00e7\u00f5es, mas tamb\u00e9m t\u00eam a oportunidade de explorar a rica gastronomia, artesanato e outras experi\u00eancias culturais da regi\u00e3o.<\/p>\n<p>Atrav\u00e9s do investimento em eventos como o festival, o <strong>Minist\u00e9rio do Turismo<\/strong> demonstra seu compromisso em apoiar iniciativas que impulsionam a economia local e criam oportunidades para os empreendedores da \u00e1rea. O festival gera um influxo significativo de turistas, que podem contribuir para o crescimento do com\u00e9rcio e da hotelaria, ajudando a revitalizar a economia local e a fortalecer a imagem de Bel\u00e9m como um destino vibrante e culturalmente rico.<\/p>\n<h2>Opini\u00f5es de Artistas sobre o Festival<\/h2>\n<p>O <strong>Bel\u00e9m Brega Festival<\/strong> \u00e9 tamb\u00e9m uma oportunidade para os artistas expressarem suas opini\u00f5es sobre a import\u00e2ncia de celebrar o brega. Muitos deles j\u00e1 compartilharam como o festival representa um marco na valoriza\u00e7\u00e3o do g\u00eanero e como \u00e9 gratificante se apresentar em um evento de tamanha magnitude.<\/p>\n<p>Artistas como <strong>Joelma<\/strong> e outros m\u00fasicos locais destacam a chance de mostrar seu trabalho para um p\u00fablico amplo e diversificado. Para eles, o festival n\u00e3o \u00e9 apenas uma plataforma de desempenho, mas tamb\u00e9m uma forma de reafirmar suas ra\u00edzes e a conex\u00e3o com o p\u00fablico. Coment\u00e1rios de artistas sobre a inclus\u00e3o de novos talentos no palco do festival ressaltam a import\u00e2ncia de apoiar a nova gera\u00e7\u00e3o de m\u00fasicos, dando espa\u00e7o para que novas vozes do brega possam ser ouvidas e celebradas.<\/p>\n<h2>Hist\u00f3ria do Festival ao Longo dos Anos<\/h2>\n<p>O <strong>Bel\u00e9m Brega Festival<\/strong> foi criado com o intuito de celebrar a rica tradi\u00e7\u00e3o do brega e promover a cultura paraense para o mundo. Desde a sua primeira edi\u00e7\u00e3o, o festival tem atra\u00eddo um n\u00famero crescente de visitantes, passando por diversas transforma\u00e7\u00f5es e amadurecendo ao longo dos anos.<\/p>\n<p>Com o passar do tempo, ele se consolidou como um dos principais eventos do calend\u00e1rio cultural brasileiro. A cada ano, o festival incorpora novas ideias, nomes e formas de engajamento, sempre com o objetivo de manter a ess\u00eancia do brega viva. Esse crescimento tamb\u00e9m se reflete na diversidade de atra\u00e7\u00f5es que s\u00e3o oferecidas, com um foco constante na promo\u00e7\u00e3o da cultura e da m\u00fasica local.<\/p>\n<h2>A Experi\u00eancia Gastron\u00f4mica durante o Festival<\/h2>\n<p>Uma das grandes atra\u00e7\u00f5es do <strong>Bel\u00e9m Brega Festival 2025<\/strong> \u00e9 a sua oferta gastron\u00f4mica. Os visitantes ter\u00e3o a oportunidade de experimentar uma variedade de pratos t\u00edpicos da culin\u00e1ria paraense, que refletem a riqueza dos ingredientes locais e tradi\u00e7\u00f5es culin\u00e1rias. Desde o famoso <strong>tacac\u00e1<\/strong>, passando pelo <strong>mani\u00e7oba<\/strong>, at\u00e9 as deliciosas <strong>desserts<\/strong> como o <strong>bolo de macaxeira<\/strong>, a gastronomia \u00e9 uma parte essencial da experi\u00eancia do festival.<\/p>\n<p>Al\u00e9m de atender ao paladar, a gastronomia tamb\u00e9m se torna uma experi\u00eancia cultural, permitindo que os visitantes se conectem ainda mais com a cultura amaz\u00f4nica. Muitas barracas de comida ser\u00e3o gerenciadas por chefs locais e empreendedores, oferecendo n\u00e3o apenas sabores aut\u00eanticos, mas tamb\u00e9m a possibilidade de aprender mais sobre a culin\u00e1ria da regi\u00e3o atrav\u00e9s de suas receitas e hist\u00f3rias. A interdisciplinaridade entre comida, m\u00fasica e cultura \u00e9 um dos pontos altos do festival.<\/p>\n<h2>Atividades Paralelas que Voc\u00ea Pode Aproveitar<\/h2>\n<p>Durante o <strong>Bel\u00e9m Brega Festival<\/strong>, diversas atividades paralelas est\u00e3o programadas para enriquecer ainda mais a experi\u00eancia dos visitantes. Isso inclui workshops, exposi\u00e7\u00f5es de arte, feiras de artesanato e outras experi\u00eancias culturais que atraem tanto moradores locais quanto turistas.<\/p>\n<p>Aposte em espa\u00e7os que v\u00e3o al\u00e9m da m\u00fasica \u2014 como experi\u00eancias gastron\u00f4micas interativas e sess\u00f5es de conta\u00e7\u00e3o de hist\u00f3rias que ajudam a transitar entre gera\u00e7\u00f5es. Os participantes tamb\u00e9m podem se envolver em atividades educacionais sobre a hist\u00f3ria do brega e seu impacto cultural, permitindo uma maior compreens\u00e3o da modalidade musical. Essas atividades paralelas tornam o festival um evento mais completo e enriquecedor.<\/p>\n<h2>Apoio do Governo e Reconhecimento Internacional<\/h2>\n<p>O apoio do <strong>Governo do Brasil<\/strong> ao <strong>Bel\u00e9m Brega Festival 2025<\/strong> \u00e9 fundamental para o sucesso do evento. O reconhecimento internacional de Bel\u00e9m como <strong>Capital Mundial do Brega<\/strong> tem contribu\u00eddo significativamente para aumentar a visibilidade do festival e atrair um p\u00fablico global.<\/p>\n<p>Os esfor\u00e7os do <strong>Minist\u00e9rio do Turismo<\/strong> em promover o evento por meio de campanhas e iniciativas de marketing, como a campanha &#8220;O mundo \u00e9 Brega e Bel\u00e9m \u00e9 a capital&#8221;, simbolizam o compromisso do governo em fortalecer o turismo, a economia criativa e a promo\u00e7\u00e3o cultural da Amaz\u00f4nia. Essa sinergia entre cultura e turismo \u00e9 uma oportunidade para que Bel\u00e9m brilhe no cen\u00e1rio global e mantenha sua relev\u00e2ncia como um polo cultural.<\/p>\n<h2>Dicas para Aproveitar ao M\u00e1ximo o Festival<\/h2>\n<p>Para garantir que voc\u00ea aproveite ao m\u00e1ximo o <strong>Bel\u00e9m Brega Festival 2025<\/strong>, aqui est\u00e3o algumas dicas pr\u00e1ticas:<\/p>\n<ul>\n<li><strong>Chegue cedo:<\/strong> Para garantir um bom lugar e aproveitar as atra\u00e7\u00f5es iniciais, chegue ao evento com anteced\u00eancia.<\/li>\n<li><strong>Explore a gastronomia local:<\/strong> N\u00e3o perca a chance de experimentar a variedade de comidas t\u00edpicas oferecidas durante o festival.<\/li>\n<li><strong>Participe das atividades paralelas:<\/strong> As oficinas e exposi\u00e7\u00f5es s\u00e3o uma \u00f3tima maneira de interagir e aprender mais sobre a cultura local.<\/li>\n<li><strong>Leve amigos e familiares:<\/strong> O festival \u00e9 uma experi\u00eancia que vale a pena ser compartilhada, ent\u00e3o convide pessoas para vivenciar a celebra\u00e7\u00e3o com voc\u00ea.<\/li>\n<li><strong>Mantenha-se hidratado:<\/strong> Com uma agenda cheia de atividades, n\u00e3o esque\u00e7a de beber \u00e1gua e ficar bem hidratado ao longo do dia.<\/li>\n<\/ul>\n\n<div style=\"font-size: 0px; height: 0px; line-height: 0px; margin: 0; padding: 0; clear: both;\"><\/div>","protected":false},"excerpt":{"rendered":"<p>Bel\u00e9m Brega Festival 2025 traz quase 50 atra\u00e7\u00f5es imperd\u00edveis para voc\u00ea aproveitar agora!<\/p>\n","protected":false},"author":1,"featured_media":0,"comment_status":"open","ping_status":"closed","sticky":false,"template":"","format":"standard","meta":{"footnotes":""},"categories":[8],"tags":[],"class_list":["post-1088","post","type-post","status-publish","format-standard","hentry","category-shows-em-belem"],"aioseo_notices":[],"_links":{"self":[{"href":"https:\/\/www.encontrabelem.com.br\/sobre\/wp-json\/wp\/v2\/posts\/1088","targetHints":{"allow":["GET"]}}],"collection":[{"href":"https:\/\/www.encontrabelem.com.br\/sobre\/wp-json\/wp\/v2\/posts"}],"about":[{"href":"https:\/\/www.encontrabelem.com.br\/sobre\/wp-json\/wp\/v2\/types\/post"}],"author":[{"embeddable":true,"href":"https:\/\/www.encontrabelem.com.br\/sobre\/wp-json\/wp\/v2\/users\/1"}],"replies":[{"embeddable":true,"href":"https:\/\/www.encontrabelem.com.br\/sobre\/wp-json\/wp\/v2\/comments?post=1088"}],"version-history":[{"count":0,"href":"https:\/\/www.encontrabelem.com.br\/sobre\/wp-json\/wp\/v2\/posts\/1088\/revisions"}],"wp:attachment":[{"href":"https:\/\/www.encontrabelem.com.br\/sobre\/wp-json\/wp\/v2\/media?parent=1088"}],"wp:term":[{"taxonomy":"category","embeddable":true,"href":"https:\/\/www.encontrabelem.com.br\/sobre\/wp-json\/wp\/v2\/categories?post=1088"},{"taxonomy":"post_tag","embeddable":true,"href":"https:\/\/www.encontrabelem.com.br\/sobre\/wp-json\/wp\/v2\/tags?post=1088"}],"curies":[{"name":"wp","href":"https:\/\/api.w.org\/{rel}","templated":true}]}}