{"id":106,"date":"2013-02-25T00:01:49","date_gmt":"2013-02-25T03:01:49","guid":{"rendered":"http:\/\/www.encontrabelem.com.br\/noticias\/?p=106"},"modified":"2023-11-13T11:17:38","modified_gmt":"2023-11-13T14:17:38","slug":"belem-prorroga-prazo-para-cadastro-no-bolsa-familia","status":"publish","type":"post","link":"https:\/\/www.encontrabelem.com.br\/sobre\/belem-prorroga-prazo-para-cadastro-no-bolsa-familia","title":{"rendered":"Bel\u00e9m prorroga prazo para cadastro no Bolsa Fam\u00edlia"},"content":{"rendered":"<div class=\"b22802487b0d38c4c6d9f34966e16421\" data-index=\"1\" style=\"float: none; margin:0px;\">\n<!-- Anuncio display - global -->\r\n<ins class=\"adsbygoogle\"\r\n     style=\"display:block\"\r\n     data-ad-client=\"ca-pub-8585364105181520\"\r\n     data-ad-slot=\"8789329856\"\r\n     data-ad-format=\"auto\"\r\n     data-full-width-responsive=\"true\"><\/ins>\r\n<script>\r\n     (adsbygoogle = window.adsbygoogle || []).push({});\r\n<\/script>\n<\/div>\n<p>O cadastramento das fam\u00edlias beneficiadas com o Programa Bolsa Fam\u00edlia em Bel\u00e9m foi prorrogado at\u00e9 a pr\u00f3xima quinta-feira (28). Por dia, cerca de 400 pessoas t\u00eam procurado o \u00f3rg\u00e3o para fazer <a title=\"Servi\u00e7os em Bel\u00e9m\" href=\"http:\/\/www.encontrabelem.com.br\/diretorio\/servicos\/\" target=\"_blank\" rel=\"noopener\">servi\u00e7os na cidade de Bel\u00e9m<\/a>, como o desbloqueio,\u00a0 recadastramento e tamb\u00e9m novos cadastramentos no programa.<\/p>\n<p>&#8216;Muitas fam\u00edlias n\u00e3o fizeram a atualiza\u00e7\u00e3o obrigat\u00f3ria durante o ano, o que faz com que tenhamos\u00a0um grande n\u00famero de pessoas para serem atendidas durante o dia&#8217;, explicou o coordenador do Bolsa Fam\u00edlia, Luiz Carlos.<\/p>\n<p>De acordo com a Coordenadora Geral do Cadastro \u00danico para Programas Sociais do Governo Federal (Cad\u00danico), Maria das Neves Mendes, o Bolsa Fam\u00edlia atende atualmente 85.516 mil fam\u00edlias em Bel\u00e9m. Outras 62 mil fam\u00edlias\u00a0s\u00e3o novos cadastrados, que aguardam\u00a0confirma\u00e7\u00e3o de dados para come\u00e7arem a receber o benef\u00edcio. O valor do\u00a0Bolsa Fam\u00edlia\u00a0varia de R$ 70 a R$ 306, conforme o n\u00famero de dependentes.<\/p>\n<p>Com o in\u00edcio do ano letivo \u00e9 comum que pais e m\u00e3es mudem os filhos de escola. No caso de fam\u00edlias benefici\u00e1rias do Programa Bolsa Fam\u00edlia, \u00e9 necess\u00e1rio que a altera\u00e7\u00e3o seja comunicada\u00a0 para que seja mantido o acompanhamento na educa\u00e7\u00e3o de cada crian\u00e7a. A falta de frequ\u00eancia escolar pode resultar no bloqueio, suspens\u00e3o e at\u00e9 no cancelamento do benef\u00edcio.<\/p>\n<p>Para a dom\u00e9stica Francisca Nascimento,\u00a0de\u00a052 anos, m\u00e3e de cinco filhos, benefici\u00e1ria h\u00e1 tr\u00eas anos, o dinheiro ajuda nas despesas escolares. Ela acredita que o recadastramento \u00e9 importante para evitar fraudes.\u00a0&#8216;Com este dinheiro, eu posso ajudar meu esposo nas despesas da casa e comprar material escolar&#8217;, declarou.<\/p>\n<p><strong>Servi\u00e7o<\/strong><\/p>\n<p>O atendimento acontece de segunda a quinta-feira, de 8h \u00e0s 16h, na Avenida Augusto Montenegro,\u00a0km 1 &#8211; Passagem Maria das Gra\u00e7as, 565, Marambaia.<\/p>\n<p>\u00c9 necess\u00e1rio levar os seguintes documentos: do titular do benef\u00edcio e do companheiro (a) maior de 18 anos: original e c\u00f3pia da Carteira de Identidade, CPF, T\u00edtulo de Eleitor, certid\u00e3o de nascimento ou casamento, comprovante atual de resid\u00eancia e extrato de pagamento do benef\u00edcio recente. Dos dependentes menores de 6 a 17 anos \u00e9 necess\u00e1rio apresentar certid\u00e3o de nascimento e comprovante de matr\u00edcula escolar.<\/p>\n<p><em>Fonte: Portal ORM<\/em><\/p>\n\n<div style=\"font-size: 0px; height: 0px; line-height: 0px; margin: 0; padding: 0; clear: both;\"><\/div>","protected":false},"excerpt":{"rendered":"<p>O cadastramento das fam\u00edlias beneficiadas com o Programa Bolsa Fam\u00edlia em Bel\u00e9m foi prorrogado at\u00e9 a pr\u00f3xima quinta-feira (28). Por dia, cerca de 400 pessoas t\u00eam procurado o \u00f3rg\u00e3o para fazer servi\u00e7os na cidade de Bel\u00e9m, como o desbloqueio,\u00a0 recadastramento e tamb\u00e9m novos cadastramentos no programa. &#8216;Muitas fam\u00edlias n\u00e3o fizeram a atualiza\u00e7\u00e3o obrigat\u00f3ria durante o ano, o que faz com que tenhamos\u00a0um grande n\u00famero de pessoas para serem atendidas durante o dia&#8217;, explicou o coordenador do Bolsa Fam\u00edlia, Luiz Carlos. De acordo com a Coordenadora Geral do Cadastro \u00danico para Programas Sociais do Governo Federal (Cad\u00danico), Maria das Neves Mendes, <\/p>\n","protected":false},"author":1,"featured_media":0,"comment_status":"closed","ping_status":"closed","sticky":false,"template":"","format":"standard","meta":{"footnotes":""},"categories":[1,7],"tags":[11],"class_list":["post-106","post","type-post","status-publish","format-standard","hentry","category-noticias-em-belem","category-servicos-em-belem","tag-belem"],"aioseo_notices":[],"_links":{"self":[{"href":"https:\/\/www.encontrabelem.com.br\/sobre\/wp-json\/wp\/v2\/posts\/106","targetHints":{"allow":["GET"]}}],"collection":[{"href":"https:\/\/www.encontrabelem.com.br\/sobre\/wp-json\/wp\/v2\/posts"}],"about":[{"href":"https:\/\/www.encontrabelem.com.br\/sobre\/wp-json\/wp\/v2\/types\/post"}],"author":[{"embeddable":true,"href":"https:\/\/www.encontrabelem.com.br\/sobre\/wp-json\/wp\/v2\/users\/1"}],"replies":[{"embeddable":true,"href":"https:\/\/www.encontrabelem.com.br\/sobre\/wp-json\/wp\/v2\/comments?post=106"}],"version-history":[{"count":0,"href":"https:\/\/www.encontrabelem.com.br\/sobre\/wp-json\/wp\/v2\/posts\/106\/revisions"}],"wp:attachment":[{"href":"https:\/\/www.encontrabelem.com.br\/sobre\/wp-json\/wp\/v2\/media?parent=106"}],"wp:term":[{"taxonomy":"category","embeddable":true,"href":"https:\/\/www.encontrabelem.com.br\/sobre\/wp-json\/wp\/v2\/categories?post=106"},{"taxonomy":"post_tag","embeddable":true,"href":"https:\/\/www.encontrabelem.com.br\/sobre\/wp-json\/wp\/v2\/tags?post=106"}],"curies":[{"name":"wp","href":"https:\/\/api.w.org\/{rel}","templated":true}]}}